{"id":34263,"date":"2025-07-18T14:56:34","date_gmt":"2025-07-18T12:56:34","guid":{"rendered":"https:\/\/bisbalpenedes.com\/web\/?p=34263"},"modified":"2026-03-12T15:16:50","modified_gmt":"2026-03-12T13:16:50","slug":"el-dijous-24-de-juliol-se-celebrara-la-festa-de-santa-cristina-a-lermita","status":"publish","type":"post","link":"https:\/\/bisbalpenedes.com\/web\/2025\/07\/18\/el-dijous-24-de-juliol-se-celebrara-la-festa-de-santa-cristina-a-lermita\/","title":{"rendered":"ACTUALITZACI\u00d3: Es trasllada a l&#8217;Esgl\u00e9sia de Santa Maria de la Bisbal &#8211; El dijous 24 de juliol se celebrar\u00e0 la Festa de Santa Cristina a l&#8217;Ermita"},"content":{"rendered":"\n<p><strong>ACTUALITZACI\u00d3: A causa de la pluja, es trasllada a l&#8217;Esgl\u00e9sia de Santa Maria de la Bisbal.<\/strong><\/p>\n\n\n\n<p>Un any m\u00e9s, arriba la Festa de Santa Cristina a l\u2019ermita, organitzada des de la Parr\u00f2quia de Santa Maria.<\/p>\n\n\n\n<p>El dijous 24 de juliol, a les 19h, es far\u00e0 la missa a l&#8217;ermita i, en acabar, hi haur\u00e0 coca i cava per a tothom.<\/p>\n\n\n\n<p>Activitats programades<\/p>\n\n\n\n<p>9:00h pujada a peu a l\u2019ermita.<br>sortida amb els senderistes desde la pl. de l\u2019esgl\u00e9sia<br>11:00h missa solemne i caramelles,<br>tot seguit, ballada de sardanes amb la cobla cosset\u00e0nia<br>14:30h dinar popular d\u2019arr\u00f2s<br>a c\u00e0rrec dels senderistes bisbalencs<br>preu 14\u20ac &#8211; aforament m\u00e0xim 200 persones &#8211; apuntar-se abans del 15 d\u2019abril<br>als tel\u00c8fons: 619 649 617 anna maria &#8211; 654 433 284 massam -690 628 995 jes\u00fas<\/p>\n\n\n\n<p>Aquestes accions han comptat amb el suport econ\u00f2mic del Pla Impulsa 2024\u20132027 de la Diputaci\u00f3 de Tarragona, que ha concedit 11.897,63 \u20ac \u00a0per dur-les a terme.<\/p>\n\n\n\n<p class=\"has-vivid-cyan-blue-color has-text-color\"><strong>Amb el suport de @Dipta_cat<\/strong><br><br><\/p>\n\n\n\n<figure class=\"wp-block-image size-large\"><img loading=\"lazy\" width=\"1024\" height=\"327\" src=\"https:\/\/bisbalpenedes.com\/web\/wp-content\/uploads\/2024\/11\/impuls_dipta_marca-1024x327.png\" alt=\"\" class=\"wp-image-32371\" srcset=\"https:\/\/bisbalpenedes.com\/web\/wp-content\/uploads\/2024\/11\/impuls_dipta_marca-1024x327.png 1024w, https:\/\/bisbalpenedes.com\/web\/wp-content\/uploads\/2024\/11\/impuls_dipta_marca-300x96.png 300w, https:\/\/bisbalpenedes.com\/web\/wp-content\/uploads\/2024\/11\/impuls_dipta_marca-768x245.png 768w, https:\/\/bisbalpenedes.com\/web\/wp-content\/uploads\/2024\/11\/impuls_dipta_marca-600x191.png 600w, https:\/\/bisbalpenedes.com\/web\/wp-content\/uploads\/2024\/11\/impuls_dipta_marca.png 1128w\" sizes=\"(max-width: 1024px) 100vw, 1024px\" \/><\/figure>\n\n\n\n<p>#Cultura #labisbaldelpenedes #ImpulsDipta \u201cAmb el suport de @Dipta_cat\u201d<\/p>\n\n\n\n<p><br><\/p>\n\n\n\n<hr class=\"wp-block-separator has-alpha-channel-opacity\"\/>\n\n\n\n<p>Un a\u00f1o m\u00e1s, llega la Fiesta de Santa Cristina a la ermita, organizada desde la Parroquia de Santa Maria.<\/p>\n\n\n\n<p>El jueves 24 de julio, las 19h, se har\u00e1 la misa en la ermita y, al finalizar, habr\u00e1 coca y cava para todo el mundo.<\/p>\n\n\n\n<p><img loading=\"lazy\" height=\"16\" width=\"16\" src=\"https:\/\/static.xx.fbcdn.net\/images\/emoji.php\/v9\/t7d\/2\/16\/1f4f8.png\" alt=\"\ud83d\udcf8\">Fotos d&#8217;arxiu (2024)<\/p>\n\n\n\n<figure class=\"wp-block-image size-large\"><img loading=\"lazy\" width=\"1024\" height=\"563\" src=\"https:\/\/bisbalpenedes.com\/web\/wp-content\/uploads\/2025\/07\/santa-cristina-24-juliol-2024-3-1024x563.jpg\" alt=\"\" class=\"wp-image-34266\" srcset=\"https:\/\/bisbalpenedes.com\/web\/wp-content\/uploads\/2025\/07\/santa-cristina-24-juliol-2024-3-1024x563.jpg 1024w, https:\/\/bisbalpenedes.com\/web\/wp-content\/uploads\/2025\/07\/santa-cristina-24-juliol-2024-3-300x165.jpg 300w, https:\/\/bisbalpenedes.com\/web\/wp-content\/uploads\/2025\/07\/santa-cristina-24-juliol-2024-3-768x422.jpg 768w, https:\/\/bisbalpenedes.com\/web\/wp-content\/uploads\/2025\/07\/santa-cristina-24-juliol-2024-3-600x330.jpg 600w, https:\/\/bisbalpenedes.com\/web\/wp-content\/uploads\/2025\/07\/santa-cristina-24-juliol-2024-3.jpg 1311w\" sizes=\"(max-width: 1024px) 100vw, 1024px\" \/><\/figure>\n\n\n\n<figure class=\"wp-block-image size-large\"><img loading=\"lazy\" width=\"1024\" height=\"768\" src=\"https:\/\/bisbalpenedes.com\/web\/wp-content\/uploads\/2025\/07\/santa-cristina-24-juliol-2024-1-1024x768.jpg\" alt=\"\" class=\"wp-image-34265\" srcset=\"https:\/\/bisbalpenedes.com\/web\/wp-content\/uploads\/2025\/07\/santa-cristina-24-juliol-2024-1-1024x768.jpg 1024w, https:\/\/bisbalpenedes.com\/web\/wp-content\/uploads\/2025\/07\/santa-cristina-24-juliol-2024-1-300x225.jpg 300w, https:\/\/bisbalpenedes.com\/web\/wp-content\/uploads\/2025\/07\/santa-cristina-24-juliol-2024-1-768x576.jpg 768w, https:\/\/bisbalpenedes.com\/web\/wp-content\/uploads\/2025\/07\/santa-cristina-24-juliol-2024-1-1536x1152.jpg 1536w, https:\/\/bisbalpenedes.com\/web\/wp-content\/uploads\/2025\/07\/santa-cristina-24-juliol-2024-1-600x450.jpg 600w, https:\/\/bisbalpenedes.com\/web\/wp-content\/uploads\/2025\/07\/santa-cristina-24-juliol-2024-1.jpg 2048w\" sizes=\"(max-width: 1024px) 100vw, 1024px\" \/><\/figure>\n","protected":false},"excerpt":{"rendered":"<p>ACTUALITZACI\u00d3: A causa de la pluja, es trasllada a l&#8217;Esgl\u00e9sia de Santa Maria de la Bisbal. Un any m\u00e9s, arriba la Festa de Santa Cristina a l\u2019ermita, organitzada des de &hellip; <a href=\"https:\/\/bisbalpenedes.com\/web\/2025\/07\/18\/el-dijous-24-de-juliol-se-celebrara-la-festa-de-santa-cristina-a-lermita\/\" class=\"more-link\">Read More<\/a><\/p>\n","protected":false},"author":4,"featured_media":34264,"comment_status":"closed","ping_status":"closed","sticky":false,"template":"","format":"standard","meta":[],"categories":[2942,20,8],"tags":[7113,393,623],"_links":{"self":[{"href":"https:\/\/bisbalpenedes.com\/web\/wp-json\/wp\/v2\/posts\/34263"}],"collection":[{"href":"https:\/\/bisbalpenedes.com\/web\/wp-json\/wp\/v2\/posts"}],"about":[{"href":"https:\/\/bisbalpenedes.com\/web\/wp-json\/wp\/v2\/types\/post"}],"author":[{"embeddable":true,"href":"https:\/\/bisbalpenedes.com\/web\/wp-json\/wp\/v2\/users\/4"}],"replies":[{"embeddable":true,"href":"https:\/\/bisbalpenedes.com\/web\/wp-json\/wp\/v2\/comments?post=34263"}],"version-history":[{"count":4,"href":"https:\/\/bisbalpenedes.com\/web\/wp-json\/wp\/v2\/posts\/34263\/revisions"}],"predecessor-version":[{"id":36728,"href":"https:\/\/bisbalpenedes.com\/web\/wp-json\/wp\/v2\/posts\/34263\/revisions\/36728"}],"wp:featuredmedia":[{"embeddable":true,"href":"https:\/\/bisbalpenedes.com\/web\/wp-json\/wp\/v2\/media\/34264"}],"wp:attachment":[{"href":"https:\/\/bisbalpenedes.com\/web\/wp-json\/wp\/v2\/media?parent=34263"}],"wp:term":[{"taxonomy":"category","embeddable":true,"href":"https:\/\/bisbalpenedes.com\/web\/wp-json\/wp\/v2\/categories?post=34263"},{"taxonomy":"post_tag","embeddable":true,"href":"https:\/\/bisbalpenedes.com\/web\/wp-json\/wp\/v2\/tags?post=34263"}],"curies":[{"name":"wp","href":"https:\/\/api.w.org\/{rel}","templated":true}]}}