{"id":34257,"date":"2025-07-17T12:10:31","date_gmt":"2025-07-17T10:10:31","guid":{"rendered":"https:\/\/bisbalpenedes.com\/web\/?p=34257"},"modified":"2025-07-17T12:11:09","modified_gmt":"2025-07-17T10:11:09","slug":"34257","status":"publish","type":"post","link":"https:\/\/bisbalpenedes.com\/web\/2025\/07\/17\/34257\/","title":{"rendered":"Presentaci\u00f3 del nou llibre del Salvador Ferr\u00e9 Mir\u00f3 i sorteig de l&#8217;ordre d&#8217;actuaci\u00f3 de les colles castelleres per a la diada del 15 d&#8217;agost"},"content":{"rendered":"\n<p>El pr\u00f2xim dilluns 21 de juliol, a les 19h, el m\u00f3n casteller t\u00e9 una cita al Centre Municipal de Cultura de la Bisbal, amb els seg\u00fcents actes:<\/p>\n\n\n\n<ul><li>La presentaci\u00f3 del llibre \u201cColla Castellera de la Bisbal del Pened\u00e8s. Primeres deu temporades\u201d de Salvador Ferr\u00e9 Mir\u00f3.<\/li><li>La presentaci\u00f3 i sorteig de l&#8217;ordre d&#8217;actuaci\u00f3 de la diada castellera del 15 d&#8217;agost.<\/li><\/ul>\n\n\n\n<p>Amb representants de les quatre colles participants:<\/p>\n\n\n\n<ul><li>Colla Castellera La Bisbal del Pened\u00e8s &#8211; Bous<\/li><li>Colla Vella dels Xiquets de Valls<\/li><li>Colla Joves Xiquets de Valls<\/li><li>Castellers de Vilafranca<\/li><\/ul>\n\n\n\n<p>Una cita imprescindible per als amants dels castells!<\/p>\n\n\n\n<hr class=\"wp-block-separator has-alpha-channel-opacity\"\/>\n\n\n\n<p>El pr\u00f3ximo lunes 21 de julio, a las 19h, el mundo &#8216;casteller&#8217; tiene una cita en el Centre Municipal de Cultura de la Bisbal, con los actos siguientes:<\/p>\n\n\n\n<ul><li>La presentaci\u00f3n del libro &#8220;Colla Castellera de la Bisbal del Pened\u00e8s. Primeres deu temporades&#8221; de Salvador Ferr\u00e9 Mir\u00f3.<\/li><li>La presentaci\u00f3n y sorteo del orden de actuaci\u00f3n de la diada castellera del 15 de agosto.<\/li><\/ul>\n\n\n\n<p>Con representantes de las cuatro collas participantes:<\/p>\n\n\n\n<ul id=\"block-102bc432-623f-4e1e-8e36-bfd5f2180883\"><li>Colla Castellera La Bisbal del Pened\u00e8s &#8211; Bous<\/li><li>Colla Vella dels Xiquets de Valls<\/li><li>Colla Joves Xiquets de Valls<\/li><li>Castellers de Vilafranca<\/li><\/ul>\n\n\n\n<p>\u00a1Una cita imprescindible para los amantes de los castells!\u200b\u200b\u200b\u200b\u200b\u200b\u200b\u200b\u200b\u200b\u200b\u200b\u200b\u200b\u200b\u200b<\/p>\n","protected":false},"excerpt":{"rendered":"<p>El pr\u00f2xim dilluns 21 de juliol, a les 19h, el m\u00f3n casteller t\u00e9 una cita al Centre Municipal de Cultura de la Bisbal, amb els seg\u00fcents actes: La presentaci\u00f3 del &hellip; <a href=\"https:\/\/bisbalpenedes.com\/web\/2025\/07\/17\/34257\/\" class=\"more-link\">Read More<\/a><\/p>\n","protected":false},"author":4,"featured_media":34258,"comment_status":"closed","ping_status":"closed","sticky":false,"template":"","format":"standard","meta":[],"categories":[8],"tags":[],"_links":{"self":[{"href":"https:\/\/bisbalpenedes.com\/web\/wp-json\/wp\/v2\/posts\/34257"}],"collection":[{"href":"https:\/\/bisbalpenedes.com\/web\/wp-json\/wp\/v2\/posts"}],"about":[{"href":"https:\/\/bisbalpenedes.com\/web\/wp-json\/wp\/v2\/types\/post"}],"author":[{"embeddable":true,"href":"https:\/\/bisbalpenedes.com\/web\/wp-json\/wp\/v2\/users\/4"}],"replies":[{"embeddable":true,"href":"https:\/\/bisbalpenedes.com\/web\/wp-json\/wp\/v2\/comments?post=34257"}],"version-history":[{"count":2,"href":"https:\/\/bisbalpenedes.com\/web\/wp-json\/wp\/v2\/posts\/34257\/revisions"}],"predecessor-version":[{"id":34260,"href":"https:\/\/bisbalpenedes.com\/web\/wp-json\/wp\/v2\/posts\/34257\/revisions\/34260"}],"wp:featuredmedia":[{"embeddable":true,"href":"https:\/\/bisbalpenedes.com\/web\/wp-json\/wp\/v2\/media\/34258"}],"wp:attachment":[{"href":"https:\/\/bisbalpenedes.com\/web\/wp-json\/wp\/v2\/media?parent=34257"}],"wp:term":[{"taxonomy":"category","embeddable":true,"href":"https:\/\/bisbalpenedes.com\/web\/wp-json\/wp\/v2\/categories?post=34257"},{"taxonomy":"post_tag","embeddable":true,"href":"https:\/\/bisbalpenedes.com\/web\/wp-json\/wp\/v2\/tags?post=34257"}],"curies":[{"name":"wp","href":"https:\/\/api.w.org\/{rel}","templated":true}]}}