{"id":34252,"date":"2025-07-17T11:51:43","date_gmt":"2025-07-17T09:51:43","guid":{"rendered":"https:\/\/bisbalpenedes.com\/web\/?p=34252"},"modified":"2025-07-17T11:54:16","modified_gmt":"2025-07-17T09:54:16","slug":"la-colla-joves-xiquets-de-valls-actuara-por-50-vegada-consecutiva-a-la-diada-del-15-dagost-de-la-bisbal-del-penedes","status":"publish","type":"post","link":"https:\/\/bisbalpenedes.com\/web\/2025\/07\/17\/la-colla-joves-xiquets-de-valls-actuara-por-50-vegada-consecutiva-a-la-diada-del-15-dagost-de-la-bisbal-del-penedes\/","title":{"rendered":"La Colla Joves Xiquets de Valls actuar\u00e0 per 50 vegada consecutiva a la diada del 15 d&#8217;agost de la Bisbal del Pened\u00e8s"},"content":{"rendered":"\n<p>Aquest dimarts, part de l&#8217;equip de govern ha visitat el local de la Colla Joves Xiquets de Valls que, enguany, fa 50 anys consecutius que actua a la Bisbal del Pened\u00e8s.<\/p>\n\n\n\n<p>Concretament, van visitar el local de la colla l&#8217;alcaldessa Agn\u00e8s Ferr\u00e9; la regidora de Cultura, Judith Vidal; el regidor de Festes, Feliu Gil; i el cap de pla\u00e7a, Jordi Vidal. Els van rebre el cap de colla, Francesc Ingl\u00e9s; el president, Marc Par\u00eds; i part de l&#8217;equip t\u00e8cnic.<\/p>\n\n\n\n<hr class=\"wp-block-separator has-alpha-channel-opacity\"\/>\n\n\n\n<p>Este martes, parte del equipo de gobierno ha visitado el local de la Colla Joves Xiquets de Valls que, este a\u00f1o, hace 50 a\u00f1os consecutivos que act\u00faa en la Bisbal del Pened\u00e8s.<\/p>\n\n\n\n<p>Concretamente, visitaron el local de la colla la alcaldesa Agn\u00e8s Ferr\u00e9; la concejala de Cultura, Judith Vidal; el concejal de Fiestas, Feliu Gil; y el cap de pla\u00e7a, Jordi Vidal. Los recibieron el cap de colla, Francesc Ingl\u00e9s; el presidente, Marc Par\u00eds; y parte del equipo t\u00e9cnico.<\/p>\n\n\n\n<p><\/p>\n","protected":false},"excerpt":{"rendered":"<p>Aquest dimarts, part de l&#8217;equip de govern ha visitat el local de la Colla Joves Xiquets de Valls que, enguany, fa 50 anys consecutius que actua a la Bisbal del &hellip; <a href=\"https:\/\/bisbalpenedes.com\/web\/2025\/07\/17\/la-colla-joves-xiquets-de-valls-actuara-por-50-vegada-consecutiva-a-la-diada-del-15-dagost-de-la-bisbal-del-penedes\/\" class=\"more-link\">Read More<\/a><\/p>\n","protected":false},"author":4,"featured_media":34253,"comment_status":"closed","ping_status":"closed","sticky":false,"template":"","format":"standard","meta":[],"categories":[2161,4668,8],"tags":[667,1720,691,4694,393],"_links":{"self":[{"href":"https:\/\/bisbalpenedes.com\/web\/wp-json\/wp\/v2\/posts\/34252"}],"collection":[{"href":"https:\/\/bisbalpenedes.com\/web\/wp-json\/wp\/v2\/posts"}],"about":[{"href":"https:\/\/bisbalpenedes.com\/web\/wp-json\/wp\/v2\/types\/post"}],"author":[{"embeddable":true,"href":"https:\/\/bisbalpenedes.com\/web\/wp-json\/wp\/v2\/users\/4"}],"replies":[{"embeddable":true,"href":"https:\/\/bisbalpenedes.com\/web\/wp-json\/wp\/v2\/comments?post=34252"}],"version-history":[{"count":2,"href":"https:\/\/bisbalpenedes.com\/web\/wp-json\/wp\/v2\/posts\/34252\/revisions"}],"predecessor-version":[{"id":34255,"href":"https:\/\/bisbalpenedes.com\/web\/wp-json\/wp\/v2\/posts\/34252\/revisions\/34255"}],"wp:featuredmedia":[{"embeddable":true,"href":"https:\/\/bisbalpenedes.com\/web\/wp-json\/wp\/v2\/media\/34253"}],"wp:attachment":[{"href":"https:\/\/bisbalpenedes.com\/web\/wp-json\/wp\/v2\/media?parent=34252"}],"wp:term":[{"taxonomy":"category","embeddable":true,"href":"https:\/\/bisbalpenedes.com\/web\/wp-json\/wp\/v2\/categories?post=34252"},{"taxonomy":"post_tag","embeddable":true,"href":"https:\/\/bisbalpenedes.com\/web\/wp-json\/wp\/v2\/tags?post=34252"}],"curies":[{"name":"wp","href":"https:\/\/api.w.org\/{rel}","templated":true}]}}