{"id":34244,"date":"2025-07-16T17:29:01","date_gmt":"2025-07-16T15:29:01","guid":{"rendered":"https:\/\/bisbalpenedes.com\/web\/?p=34244"},"modified":"2025-07-16T17:30:49","modified_gmt":"2025-07-16T15:30:49","slug":"la-colla-vella-dels-xiquets-de-valls-participara-un-any-mes-en-la-diada-castellera-del-15-dagost-el-cap-de-colla-i-el-president-fan-un-balanc-positiva-dels-canvis-aplicats-lany-passat","status":"publish","type":"post","link":"https:\/\/bisbalpenedes.com\/web\/2025\/07\/16\/la-colla-vella-dels-xiquets-de-valls-participara-un-any-mes-en-la-diada-castellera-del-15-dagost-el-cap-de-colla-i-el-president-fan-un-balanc-positiva-dels-canvis-aplicats-lany-passat\/","title":{"rendered":"La Colla Vella dels Xiquets de Valls participar\u00e0 un any m\u00e9s en la diada castellera del 15 d&#8217;agost &#8211; El cap de colla i el president fan un balan\u00e7 positiu dels canvis aplicats l&#8217;any passat: protocol, horari i figura del cap de pla\u00e7a"},"content":{"rendered":"\n<p>Aquest dilluns 14 de juliol l&#8217;alcaldessa Agn\u00e8s Ferr\u00e9; la regidora de Cultura, Judith Vidal; el regidor de Festes, Feliu Gil; i el cap de pla\u00e7a, Jordi Vidal; s&#8217;han reunit, al local de la Colla Vella dels Xiquets de Valls, amb el cap de colla de la Colla Vella, Manuel Urbano; i el president de l&#8217;entitat, Xavier Pons.<\/p>\n\n\n\n<p> Temes tractats:<\/p>\n\n\n\n<ul><li>La pr\u00f2xima diada de la Festa Major de la Bisbal<\/li><li>Balan\u00e7 positiu de l&#8217;actuaci\u00f3 de l&#8217;any passat amb l&#8217;estrena de l&#8217;horari de tarda aix\u00ed com del protocol i la figura del cap de pla\u00e7a.<\/li><li>Confirmaci\u00f3 d&#8217;assist\u00e8ncia al sorteig de l&#8217;ordre d&#8217;actuaci\u00f3 de la pr\u00f2xima diada del 15 d&#8217;agost.<\/li><\/ul>\n\n\n\n<hr class=\"wp-block-separator has-alpha-channel-opacity\"\/>\n\n\n\n<p>Este lunes 14 de julio la alcaldesa Agn\u00e8s Ferr\u00e9; la concejala de Cultura, Judith Vidal; el concejal de Fiestas, Feliu Gil; y el cap de pla\u00e7a, Jordi Vidal; se han reunido, en el local de la Colla Vella dels Xiquets de Valls, con el cap de colla de la Colla Vella, Manuel Urbano; y el presidente de la entidad, Xavier Pons.<br>Temas tratados:<br><\/p>\n\n\n\n<ul><li>La pr\u00f3xima diada de la Fiesta Mayor de la Bisbal<\/li><li>Balance positivo de la actuaci\u00f3n del a\u00f1o pasado con el estreno del horario de tarde as\u00ed como del protocolo y la figura del &#8220;cap de pla\u00e7a&#8221;.<\/li><li>Confirmaci\u00f3n de asistencia al sorteo del orden de actuaci\u00f3n de la pr\u00f3xima diada del 15 de agosto.<\/li><\/ul>\n","protected":false},"excerpt":{"rendered":"<p>Aquest dilluns 14 de juliol l&#8217;alcaldessa Agn\u00e8s Ferr\u00e9; la regidora de Cultura, Judith Vidal; el regidor de Festes, Feliu Gil; i el cap de pla\u00e7a, Jordi Vidal; s&#8217;han reunit, al &hellip; <a href=\"https:\/\/bisbalpenedes.com\/web\/2025\/07\/16\/la-colla-vella-dels-xiquets-de-valls-participara-un-any-mes-en-la-diada-castellera-del-15-dagost-el-cap-de-colla-i-el-president-fan-un-balanc-positiva-dels-canvis-aplicats-lany-passat\/\" class=\"more-link\">Read More<\/a><\/p>\n","protected":false},"author":4,"featured_media":34245,"comment_status":"closed","ping_status":"closed","sticky":false,"template":"","format":"standard","meta":[],"categories":[2161,8],"tags":[668,1220,280,4694],"_links":{"self":[{"href":"https:\/\/bisbalpenedes.com\/web\/wp-json\/wp\/v2\/posts\/34244"}],"collection":[{"href":"https:\/\/bisbalpenedes.com\/web\/wp-json\/wp\/v2\/posts"}],"about":[{"href":"https:\/\/bisbalpenedes.com\/web\/wp-json\/wp\/v2\/types\/post"}],"author":[{"embeddable":true,"href":"https:\/\/bisbalpenedes.com\/web\/wp-json\/wp\/v2\/users\/4"}],"replies":[{"embeddable":true,"href":"https:\/\/bisbalpenedes.com\/web\/wp-json\/wp\/v2\/comments?post=34244"}],"version-history":[{"count":3,"href":"https:\/\/bisbalpenedes.com\/web\/wp-json\/wp\/v2\/posts\/34244\/revisions"}],"predecessor-version":[{"id":34248,"href":"https:\/\/bisbalpenedes.com\/web\/wp-json\/wp\/v2\/posts\/34244\/revisions\/34248"}],"wp:featuredmedia":[{"embeddable":true,"href":"https:\/\/bisbalpenedes.com\/web\/wp-json\/wp\/v2\/media\/34245"}],"wp:attachment":[{"href":"https:\/\/bisbalpenedes.com\/web\/wp-json\/wp\/v2\/media?parent=34244"}],"wp:term":[{"taxonomy":"category","embeddable":true,"href":"https:\/\/bisbalpenedes.com\/web\/wp-json\/wp\/v2\/categories?post=34244"},{"taxonomy":"post_tag","embeddable":true,"href":"https:\/\/bisbalpenedes.com\/web\/wp-json\/wp\/v2\/tags?post=34244"}],"curies":[{"name":"wp","href":"https:\/\/api.w.org\/{rel}","templated":true}]}}