{"id":34211,"date":"2025-07-10T21:12:39","date_gmt":"2025-07-10T19:12:39","guid":{"rendered":"https:\/\/bisbalpenedes.com\/web\/?p=34211"},"modified":"2025-07-10T21:12:39","modified_gmt":"2025-07-10T19:12:39","slug":"sha-convocat-un-ple-extraordinari-per-al-proxim-dimarts-15-de-juliol-a-les-9h","status":"publish","type":"post","link":"https:\/\/bisbalpenedes.com\/web\/2025\/07\/10\/sha-convocat-un-ple-extraordinari-per-al-proxim-dimarts-15-de-juliol-a-les-9h\/","title":{"rendered":"<strong>S&#8217;ha convocat un Ple extraordinari per al pr\u00f2xim dimarts 15 de juliol a les 9h<\/strong>"},"content":{"rendered":"\n<p>El pr\u00f2xim dimarts 15 de juliol, a les 9h, se celebrar\u00e0 un Ple extraordinari a l&#8217;Ajuntament de la Bisbal del Pened\u00e8s amb el seg\u00fcent ordre del dia:<\/p>\n\n\n\n<p>Punt 1.-Aprovar desestimar la modificaci\u00f3 de tarifes proposada per l&#8217;empresa concession\u00e0ria del servei d&#8217;aigua potable i clavegueram.<\/p>\n\n\n\n<p>Punt 2.-Aprovar la modificaci\u00f3 del conveni de joventut amb el Consell Comarcal del Baix Pened\u00e8s.<\/p>\n\n\n\n<p>Punt 3.-Aprovar el reconeixement de les obligacions de despeses indegudament adquirides.<\/p>\n\n\n\n<p>Punt 4.-Aprovaci\u00f3 inicial d&#8217;expedient de modificaci\u00f3 de cr\u00e8dit.<\/p>\n\n\n\n<p>Punt 5.-Reconeixement de compatibilitat a un treballador municipal.<\/p>\n\n\n\n<p>Punt 6.-Aprovaci\u00f3 de preu p\u00fablic per al concert de la Festa Major del 14 d&#8217;agost.<\/p>\n\n\n\n<p>Punt 7.-Aprovaci\u00f3 del conveni de col\u00b7laboraci\u00f3 amb el Servei Catal\u00e0 de Tr\u00e0nsit per a la redacci\u00f3 del Pla local de seguretat vi\u00e0ria.<\/p>\n\n\n\n<hr class=\"wp-block-separator has-alpha-channel-opacity\"\/>\n\n\n\n<p><strong>Se ha convocado un Pleno extraordinario para el pr\u00f3ximo martes 15 de julio a las 9h<\/strong><\/p>\n\n\n\n<p>El pr\u00f3ximo martes 15 de julio, a las 9h, se celebrar\u00e1 un Pleno extraordinario en el Ajuntament de la Bisbal del Pened\u00e8s con el siguiente orden del d\u00eda:<\/p>\n\n\n\n<p>Punto 1.-Aprobar desestimar la modificaci\u00f3n de tarifas propuesta por la empresa concesionaria del servicio de agua potable y alcantarillado.<\/p>\n\n\n\n<p>Punto 2.-Aprobar la modificaci\u00f3n de convenio de juventud con el Consell Comarcal del Baix Pened\u00e8s.<\/p>\n\n\n\n<p>Punto 3.-Aprobar el reconocimiento de las obligaciones de gastos indevidamente adquiridos.<\/p>\n\n\n\n<p>Punto 4.-Aprobaci\u00f3n inicial de expediente de modificaci\u00f3n de cr\u00e9dito.<\/p>\n\n\n\n<p>Punto 5.-Reconocimiento de compatibilidad a un trabajador municipal.<\/p>\n\n\n\n<p>Punto 6.-Aprobaci\u00f3n de precio p\u00fablico para el concierto de la Fiesta Mayor del 14 de agosto.<\/p>\n\n\n\n<p>Punto 7.-Aprobaci\u00f3n del convenio de colaboraci\u00f3n con el Servei Catal\u00e0 de Tr\u00e0nsit para la redacci\u00f3n del Plan local de seguridad vial.<\/p>\n","protected":false},"excerpt":{"rendered":"<p>El pr\u00f2xim dimarts 15 de juliol, a les 9h, se celebrar\u00e0 un Ple extraordinari a l&#8217;Ajuntament de la Bisbal del Pened\u00e8s amb el seg\u00fcent ordre del dia: Punt 1.-Aprovar desestimar &hellip; <a href=\"https:\/\/bisbalpenedes.com\/web\/2025\/07\/10\/sha-convocat-un-ple-extraordinari-per-al-proxim-dimarts-15-de-juliol-a-les-9h\/\" class=\"more-link\">Read More<\/a><\/p>\n","protected":false},"author":4,"featured_media":33910,"comment_status":"closed","ping_status":"closed","sticky":false,"template":"","format":"standard","meta":[],"categories":[8,2250],"tags":[649,459,7112,322,280,210,393,1897,1374],"_links":{"self":[{"href":"https:\/\/bisbalpenedes.com\/web\/wp-json\/wp\/v2\/posts\/34211"}],"collection":[{"href":"https:\/\/bisbalpenedes.com\/web\/wp-json\/wp\/v2\/posts"}],"about":[{"href":"https:\/\/bisbalpenedes.com\/web\/wp-json\/wp\/v2\/types\/post"}],"author":[{"embeddable":true,"href":"https:\/\/bisbalpenedes.com\/web\/wp-json\/wp\/v2\/users\/4"}],"replies":[{"embeddable":true,"href":"https:\/\/bisbalpenedes.com\/web\/wp-json\/wp\/v2\/comments?post=34211"}],"version-history":[{"count":1,"href":"https:\/\/bisbalpenedes.com\/web\/wp-json\/wp\/v2\/posts\/34211\/revisions"}],"predecessor-version":[{"id":34212,"href":"https:\/\/bisbalpenedes.com\/web\/wp-json\/wp\/v2\/posts\/34211\/revisions\/34212"}],"wp:featuredmedia":[{"embeddable":true,"href":"https:\/\/bisbalpenedes.com\/web\/wp-json\/wp\/v2\/media\/33910"}],"wp:attachment":[{"href":"https:\/\/bisbalpenedes.com\/web\/wp-json\/wp\/v2\/media?parent=34211"}],"wp:term":[{"taxonomy":"category","embeddable":true,"href":"https:\/\/bisbalpenedes.com\/web\/wp-json\/wp\/v2\/categories?post=34211"},{"taxonomy":"post_tag","embeddable":true,"href":"https:\/\/bisbalpenedes.com\/web\/wp-json\/wp\/v2\/tags?post=34211"}],"curies":[{"name":"wp","href":"https:\/\/api.w.org\/{rel}","templated":true}]}}