{"id":34203,"date":"2025-07-10T10:57:33","date_gmt":"2025-07-10T08:57:33","guid":{"rendered":"https:\/\/bisbalpenedes.com\/web\/?p=34203"},"modified":"2025-07-10T10:57:33","modified_gmt":"2025-07-10T08:57:33","slug":"lajuntament-de-la-bisbal-del-penedes-inicia-la-peticio-dinformacio-al-departament-deducacio-de-la-generalitat-per-ampliar-lescola-ull-de-vent","status":"publish","type":"post","link":"https:\/\/bisbalpenedes.com\/web\/2025\/07\/10\/lajuntament-de-la-bisbal-del-penedes-inicia-la-peticio-dinformacio-al-departament-deducacio-de-la-generalitat-per-ampliar-lescola-ull-de-vent\/","title":{"rendered":"<strong>L&#8217;Ajuntament de la Bisbal del Pened\u00e8s inicia la petici\u00f3 d&#8217;informaci\u00f3 al Departament d&#8217;Educaci\u00f3 de la Generalitat per ampliar l&#8217;escola Ull de Vent<\/strong>"},"content":{"rendered":"\n<p><strong>La modificaci\u00f3 de l&#8217;article 164 de la Llei 12\/2019 de 10 de juliol d&#8217;educaci\u00f3 permetria que l&#8217;Ajuntament pogu\u00e9s col\u00b7laborar amb l&#8217;aportaci\u00f3 de recursos propis en la realitzaci\u00f3 d&#8217;obres de reforma, ampliaci\u00f3, adequaci\u00f3 i millora dels centres educatius p\u00fablics<\/strong><\/p>\n\n\n\n<p>L&#8217;Ajuntament de la Bisbal del Pened\u00e8s, a trav\u00e9s de la Regidoria d&#8217;Ensenyament, ha tramitat la petici\u00f3 d&#8217;informaci\u00f3 al Departament d&#8217;Educaci\u00f3 de la Generalitat de Catalunya per poder-se acollir a les noves mesures urgents adoptades per la Generalitat que permetrien ampliar l&#8217;escola Ull de Vent amb aportaci\u00f3 de Recursos Propis. Aquestes mesures s&#8217;emmarquen en el <a href=\"https:\/\/portaljuridic.gencat.cat\/ca\/detalls\/noticia\/mesures_urgents_materia_escolaritzacio_curs_2025_2026_dogc\">Decret llei 13\/2025, d&#8217;1 de juliol, pel qual s&#8217;adopten mesures urgents en mat\u00e8ria d&#8217;escolaritzaci\u00f3 a partir del curs 2025-2026<\/a>. Concretament, l&#8217;equip de govern vol que la Bisbal del Pened\u00e8s es pugui beneficiar de la modificaci\u00f3 de l&#8217;article 165 de la Llei 12\/2009, de 10 de juliol, d&#8217;educaci\u00f3, que obriria les portes a que l&#8217;ajuntament bisbalenc pogu\u00e9s aportar recursos propis per fer les obres de reforma, ampliaci\u00f3, adequaci\u00f3 i millora dels centre educatius p\u00fablics.<\/p>\n\n\n\n<p>L&#8217;Ajuntament de la Bisbal del Pened\u00e8s persegueix l&#8217;objectiu d&#8217;unificar tot l&#8217;alumnat i el personal docent en un mateix centre educatiu, amb l&#8217;objectiu que tant l&#8217;alumnat com el professorat puguin estar en un \u00fanic centre i evitar que tant els infants com el personal docent s&#8217;hagin de despla\u00e7ar per impartir determinades mat\u00e8ries o per gaudir d&#8217;altres serveis, com ara el de menjador escolar. En l&#8217;actualitat, l&#8217;alumnat est\u00e0 ubicat en dos centres, l&#8217;edifici &#8220;nou&#8221; de l&#8217;escola Ull de Vent i l&#8217;edifici centenari.<br><br>El passat mes de mar\u00e7, la Consellera d&#8217;Educaci\u00f3 i Formaci\u00f3 Professional, Esther Niub\u00f3, <a href=\"https:\/\/bisbalpenedes.com\/web\/2025\/03\/17\/la-consellera-deducacio-i-formacio-professional-visita-la-bisbal-del-penedes\/\">va visitar la Bisbal del Pened\u00e8s<\/a> i l&#8217;equip de govern li va traslladar aquesta necessitat d&#8217;ampliaci\u00f3, alhora que li va fer saber que l&#8217;Ajuntament podria assumir la construcci\u00f3 d&#8217;aquesta segona l\u00ednia a l&#8217;edifici nou. Ara, amb la publicaci\u00f3 del <a href=\"https:\/\/portaljuridic.gencat.cat\/eli\/es-ct\/dl\/2025\/07\/01\/13\">Decret llei 13\/2025, d&#8217;1 de juliol<\/a>, pel qual s&#8217;adopten mesures urgents en mat\u00e8ria d&#8217;escolaritzaci\u00f3 a partir del curs 2025-2026, aquest projecte podria fer-se efectiu i, per aquest motiu, s&#8217;ha iniciat la petici\u00f3 d&#8217;informaci\u00f3 amb l&#8217;objectiu d&#8217;iniciar els tr\u00e0mits i gestions que permetrien treballar per fer aquesta ampliaci\u00f3.<\/p>\n\n\n\n<p>El regidor d&#8217;Ensenyament, Daniel Caballero, explica que <em>&#8220;l&#8217;any 2006, quan es va construir la nova escola, ja es preveia poder unificar tot l&#8217;alumnat, per\u00f2 el creixement de poblaci\u00f3 a la Bisbal del Pened\u00e8s va fer impossible que tot l&#8217;alumnat pogu\u00e9s fer classe en un mateix centre i, per tant, se li va donar continu\u00eftat a l&#8217;\u00fas de l&#8217;edifici centenari com a escola. Aquest \u00fas s&#8217;ha vingut fent fins a la data. No obstant aix\u00f2, el fet de comptar amb dos centres dificulta la feina del professorat, que ha de fer molts despla\u00e7aments di\u00e0riament, el que suposa un problema a l&#8217;hora de gestionar el temps, els horaris, la coordinaci\u00f3 amb els altres mestres i l&#8217;\u00fas de determinades aules o material. Aquest fet tampoc es pr\u00e0ctic per a l&#8217;alumnat, que tamb\u00e9 ha de fer despla\u00e7aments per poder canviar de centre o per gaudir del servei de menjador&#8221;. <\/em>Caballero ha afegit que <em>&#8220;esperem poder tirar endavant aquest projecte que, m\u00e9s enll\u00e0 de l&#8217;alumnat i el personal docent, tamb\u00e9 seria una mesura molt ben rebuda per les fam\u00edlies que, en molts casos, tenen un infant en cada centre i, a l&#8217;hora d&#8217;anar-los a buscar a l&#8217;escola, aix\u00f2 tamb\u00e9 els suposa un trasbals&#8221;.<\/em><\/p>\n\n\n\n<figure class=\"wp-block-image size-large\"><img loading=\"lazy\" width=\"1024\" height=\"576\" src=\"https:\/\/bisbalpenedes.com\/web\/wp-content\/uploads\/2025\/07\/ESCOLA-ULL-DE-VENT-EXTERIOR-1024x576.jpeg\" alt=\"\" class=\"wp-image-34205\" srcset=\"https:\/\/bisbalpenedes.com\/web\/wp-content\/uploads\/2025\/07\/ESCOLA-ULL-DE-VENT-EXTERIOR-1024x576.jpeg 1024w, https:\/\/bisbalpenedes.com\/web\/wp-content\/uploads\/2025\/07\/ESCOLA-ULL-DE-VENT-EXTERIOR-300x169.jpeg 300w, https:\/\/bisbalpenedes.com\/web\/wp-content\/uploads\/2025\/07\/ESCOLA-ULL-DE-VENT-EXTERIOR-768x432.jpeg 768w, https:\/\/bisbalpenedes.com\/web\/wp-content\/uploads\/2025\/07\/ESCOLA-ULL-DE-VENT-EXTERIOR-1536x864.jpeg 1536w, https:\/\/bisbalpenedes.com\/web\/wp-content\/uploads\/2025\/07\/ESCOLA-ULL-DE-VENT-EXTERIOR-600x338.jpeg 600w, https:\/\/bisbalpenedes.com\/web\/wp-content\/uploads\/2025\/07\/ESCOLA-ULL-DE-VENT-EXTERIOR.jpeg 1600w\" sizes=\"(max-width: 1024px) 100vw, 1024px\" \/><\/figure>\n\n\n\n<hr class=\"wp-block-separator has-alpha-channel-opacity\"\/>\n\n\n\n<h3><strong>El Ajuntament de la Bisbal del Pened\u00e8s inicia la petici\u00f3n de informaci\u00f3n al Departament d&#8217;Educaci\u00f3 de la Generalitat para ampliar la escuela Ull de Vent<\/strong><\/h3>\n\n\n\n<p><strong>La modificaci\u00f3n del art\u00edculo 164 de la Ley 12\/2019 de 10 de julio de educaci\u00f3n permitir\u00eda que el Ayuntamiento pudiera colaborar con la aportaci\u00f3n de recursos propios en la realizaci\u00f3n de obras de reforma, ampliaci\u00f3n, adecuaci\u00f3n y mejora de los centros educativos p\u00fablicos<\/strong><\/p>\n\n\n\n<p>El Ajuntament de la Bisbal del Pened\u00e8s, a trav\u00e9s de la Concejal\u00eda de Ense\u00f1anza, ha tramitado la petici\u00f3n de informaci\u00f3n al Departament d&#8217;Educaci\u00f3 de la Generalitat de Catalunya para poder acogerse a las nuevas medidas urgentes adoptadas por la Generalitat que permitir\u00edan ampliar la escuela Ull de Vent con aportaci\u00f3n de Recursos Propios. Estas medidas se enmarcan en el <a href=\"https:\/\/portaljuridic.gencat.cat\/ca\/detalls\/noticia\/mesures_urgents_materia_escolaritzacio_curs_2025_2026_dogc\">Decreto ley 13\/2025, de 1 de julio, por el cual se adoptan medidas urgentes en materia de escolarizaci\u00f3n a partir del curso 2025-2026<\/a>. Concretamente, el equipo de gobierno quiere que la Bisbal del Pened\u00e8s se pueda beneficiar de la modificaci\u00f3n del art\u00edculo 165 de la Ley 12\/2009, de 10 de julio, de educaci\u00f3n, que abrir\u00eda las puertas a que el ayuntamiento bisbalenc pudiera aportar recursos propios para hacer las obras de reforma, ampliaci\u00f3n, adecuaci\u00f3n y mejora de los centros educativos p\u00fablicos.<\/p>\n\n\n\n<p>El Ajuntament de la Bisbal del Pened\u00e8s persigue el objetivo de unificar todo el alumnado y el personal docente en un mismo centro educativo, con el objetivo de que tanto el alumnado como el profesorado puedan estar en un \u00fanico centro y evitar que tanto los ni\u00f1os como el personal docente se tengan que desplazar para impartir determinadas materias o para disfrutar de otros servicios, como el de comedor escolar. En la actualidad, el alumnado est\u00e1 ubicado en dos centros, el edificio &#8220;nuevo&#8221; de la escuela Ull de Vent y el edificio centenario. El pasado mes de marzo, la Consejera de Educaci\u00f3n y Formaci\u00f3n Profesional, Esther Niub\u00f3, <a href=\"https:\/\/bisbalpenedes.com\/web\/2025\/03\/17\/la-consellera-deducacio-i-formacio-professional-visita-la-bisbal-del-penedes\/\">visit\u00f3 la Bisbal del Pened\u00e8s<\/a> y el equipo de gobierno le traslad\u00f3 esta necesidad de ampliaci\u00f3n, al tiempo que le hizo saber que el Ayuntamiento podr\u00eda asumir la construcci\u00f3n de esta segunda l\u00ednea en el edificio nuevo. Ahora, con la publicaci\u00f3n del <a href=\"https:\/\/portaljuridic.gencat.cat\/eli\/es-ct\/dl\/2025\/07\/01\/13\">Decreto ley 13\/2025, de 1 de julio<\/a>, por el cual se adoptan medidas urgentes en materia de escolarizaci\u00f3n a partir del curso 2025-2026, este proyecto podr\u00eda hacerse efectivo y, por este motivo, se ha iniciado la petici\u00f3n de informaci\u00f3n con el objetivo de iniciar los tr\u00e1mites y gestiones que permitir\u00edan trabajar para hacer esta ampliaci\u00f3n.<\/p>\n\n\n\n<p>El concejal de Ense\u00f1anza, Daniel Caballero, explica que <em>&#8220;el a\u00f1o 2006, cuando se construy\u00f3 la nueva escuela, ya se preve\u00eda poder unificar todo el alumnado, pero el crecimiento de poblaci\u00f3n en la Bisbal del Pened\u00e8s hizo imposible que todo el alumnado pudiera hacer clase en un mismo centro y, por tanto, se le dio continuidad al uso del edificio centenario como escuela. Este uso se ha venido haciendo hasta la fecha. No obstante, el hecho de contar con dos centros dificulta el trabajo del profesorado, que tiene que hacer muchos desplazamientos diariamente, lo que supone un problema a la hora de gestionar el tiempo, los horarios, la coordinaci\u00f3n con los otros maestros y el uso de determinadas aulas o material. Este hecho tampoco es pr\u00e1ctico para el alumnado, que tambi\u00e9n tiene que hacer desplazamientos para poder cambiar de centro o para disfrutar del servicio de comedor&#8221;<\/em>. Caballero ha a\u00f1adido que <em>&#8220;esperamos poder sacar adelante este proyecto que, m\u00e1s all\u00e1 del alumnado y el personal docente, tambi\u00e9n ser\u00eda una medida muy bien recibida por las familias que, en muchos casos, tienen un ni\u00f1o en cada centro y, a la hora de ir a buscarlos a la escuela, esto tambi\u00e9n les supone un trastorno&#8221;<\/em>.<\/p>\n","protected":false},"excerpt":{"rendered":"<p>La modificaci\u00f3 de l&#8217;article 164 de la Llei 12\/2019 de 10 de juliol d&#8217;educaci\u00f3 permetria que l&#8217;Ajuntament pogu\u00e9s col\u00b7laborar amb l&#8217;aportaci\u00f3 de recursos propis en la realitzaci\u00f3 d&#8217;obres de reforma, &hellip; <a href=\"https:\/\/bisbalpenedes.com\/web\/2025\/07\/10\/lajuntament-de-la-bisbal-del-penedes-inicia-la-peticio-dinformacio-al-departament-deducacio-de-la-generalitat-per-ampliar-lescola-ull-de-vent\/\" class=\"more-link\">Read More<\/a><\/p>\n","protected":false},"author":4,"featured_media":34204,"comment_status":"closed","ping_status":"closed","sticky":false,"template":"","format":"standard","meta":[],"categories":[3456,8],"tags":[7111,3139,865,393,222],"_links":{"self":[{"href":"https:\/\/bisbalpenedes.com\/web\/wp-json\/wp\/v2\/posts\/34203"}],"collection":[{"href":"https:\/\/bisbalpenedes.com\/web\/wp-json\/wp\/v2\/posts"}],"about":[{"href":"https:\/\/bisbalpenedes.com\/web\/wp-json\/wp\/v2\/types\/post"}],"author":[{"embeddable":true,"href":"https:\/\/bisbalpenedes.com\/web\/wp-json\/wp\/v2\/users\/4"}],"replies":[{"embeddable":true,"href":"https:\/\/bisbalpenedes.com\/web\/wp-json\/wp\/v2\/comments?post=34203"}],"version-history":[{"count":1,"href":"https:\/\/bisbalpenedes.com\/web\/wp-json\/wp\/v2\/posts\/34203\/revisions"}],"predecessor-version":[{"id":34206,"href":"https:\/\/bisbalpenedes.com\/web\/wp-json\/wp\/v2\/posts\/34203\/revisions\/34206"}],"wp:featuredmedia":[{"embeddable":true,"href":"https:\/\/bisbalpenedes.com\/web\/wp-json\/wp\/v2\/media\/34204"}],"wp:attachment":[{"href":"https:\/\/bisbalpenedes.com\/web\/wp-json\/wp\/v2\/media?parent=34203"}],"wp:term":[{"taxonomy":"category","embeddable":true,"href":"https:\/\/bisbalpenedes.com\/web\/wp-json\/wp\/v2\/categories?post=34203"},{"taxonomy":"post_tag","embeddable":true,"href":"https:\/\/bisbalpenedes.com\/web\/wp-json\/wp\/v2\/tags?post=34203"}],"curies":[{"name":"wp","href":"https:\/\/api.w.org\/{rel}","templated":true}]}}