{"id":34192,"date":"2025-07-09T12:39:27","date_gmt":"2025-07-09T10:39:27","guid":{"rendered":"https:\/\/bisbalpenedes.com\/web\/?p=34192"},"modified":"2025-07-09T12:50:20","modified_gmt":"2025-07-09T10:50:20","slug":"lequip-de-govern-inicia-la-ronda-de-reunions-amb-les-colles-castelleres-que-participaran-en-la-diada-del-15-dagost","status":"publish","type":"post","link":"https:\/\/bisbalpenedes.com\/web\/2025\/07\/09\/lequip-de-govern-inicia-la-ronda-de-reunions-amb-les-colles-castelleres-que-participaran-en-la-diada-del-15-dagost\/","title":{"rendered":"L\u2019equip de govern inicia la ronda de reunions amb les colles castelleres que participaran en la diada del 15 d\u2019agost"},"content":{"rendered":"\n<h4>La primera s\u2019ha celebrat amb la Colla Castellera de La Bisbal del Pened\u00e8s &#8211; Bous<\/h4>\n\n\n\n<p>L\u2019equip de govern ha comen\u00e7at la ronda de reunions amb les colles castelleres que participaran en la diada castellera del 15 d\u2019agost amb l\u2019objectiu de coordinar la diada i posar en com\u00fa possibles inquietuds i plantejaments relacionats amb aquesta gran jornada castellera. La primera reuni\u00f3 l\u2019ha fet amb la colla local, la Colla Castellera la Bisbal del Pened\u00e8s \u2013 Bous. Pr\u00f2ximament el govern es reunir\u00e0 amb la resta de colles que hi participen la Colla Joves Xiquets de Valls, la Colla Vella dels Xiquets de Valls i els Castellers de Vilafranca.<\/p>\n\n\n\n<p>La primera trobada, que s\u2019ha celebrat el 1r de juliol al local de la Colla Castellera de la Bisbal, ha comptat amb l\u2019assist\u00e8ncia de l\u2019alcaldessa Agn\u00e8s Ferr\u00e9; \u00a0la regidora de Cultura, Judith Vidal; cap de pla\u00e7a, Jordi Vidal; el cap de colla, l\u2019Eloi Garcia Cass\u00e0, i el president de la colla Sergi B\u00e0guena.<\/p>\n\n\n\n<hr class=\"wp-block-separator has-alpha-channel-opacity\"\/>\n\n\n\n<h1><strong>El equipo de gobierno inicia la ronda de reuniones con las <em>colles castelleres<\/em> que participar\u00e1n en la diada del 15 de agosto<\/strong><\/h1>\n\n\n\n<h4><strong>La primera se ha celebrado con la Colla Castellera de La Bisbal del Pened\u00e8s &#8211; Bous<\/strong><\/h4>\n\n\n\n<p>El equipo de gobierno ha comenzado la ronda de reuniones con las collas castelleras que participar\u00e1n en la diada castellera del 15 de agosto con el objetivo de coordinar la diada y poner en com\u00fan posibles inquietudes y planteamientos relacionados con esta gran jornada castellera. La primera reuni\u00f3n la ha hecho con la colla local, la Colla Castellera la Bisbal del Pened\u00e8s \u2013 Bous. Pr\u00f3ximamente el gobierno se reunir\u00e1 con el resto de collas que participan en la diada: la Colla Joves Xiquets de Valls, la Colla Vella dels Xiquets de Valls y los Castellers de Vilafranca.<\/p>\n\n\n\n<p>El primer encuentro, que se ha celebrado el 1 de julio en el local de la Colla Castellera de la Bisbal, ha contado con la asistencia de la alcaldesa Agn\u00e8s Ferr\u00e9; la concejala de Cultura, Judith Vidal; el jefe de plaza, Jordi Vidal; el jefe de colla, Eloi Garcia Cass\u00e0, y el presidente de la colla Sergi B\u00e0guena.<\/p>\n\n\n\n<p><\/p>\n","protected":false},"excerpt":{"rendered":"<p>La primera s\u2019ha celebrat amb la Colla Castellera de La Bisbal del Pened\u00e8s &#8211; Bous L\u2019equip de govern ha comen\u00e7at la ronda de reunions amb les colles castelleres que participaran &hellip; <a href=\"https:\/\/bisbalpenedes.com\/web\/2025\/07\/09\/lequip-de-govern-inicia-la-ronda-de-reunions-amb-les-colles-castelleres-que-participaran-en-la-diada-del-15-dagost\/\" class=\"more-link\">Read More<\/a><\/p>\n","protected":false},"author":4,"featured_media":34193,"comment_status":"closed","ping_status":"closed","sticky":false,"template":"","format":"standard","meta":[],"categories":[13,20,2161,4668,8],"tags":[459,378,379,3977,1720,1220,2174,7110,7109,393],"_links":{"self":[{"href":"https:\/\/bisbalpenedes.com\/web\/wp-json\/wp\/v2\/posts\/34192"}],"collection":[{"href":"https:\/\/bisbalpenedes.com\/web\/wp-json\/wp\/v2\/posts"}],"about":[{"href":"https:\/\/bisbalpenedes.com\/web\/wp-json\/wp\/v2\/types\/post"}],"author":[{"embeddable":true,"href":"https:\/\/bisbalpenedes.com\/web\/wp-json\/wp\/v2\/users\/4"}],"replies":[{"embeddable":true,"href":"https:\/\/bisbalpenedes.com\/web\/wp-json\/wp\/v2\/comments?post=34192"}],"version-history":[{"count":3,"href":"https:\/\/bisbalpenedes.com\/web\/wp-json\/wp\/v2\/posts\/34192\/revisions"}],"predecessor-version":[{"id":34196,"href":"https:\/\/bisbalpenedes.com\/web\/wp-json\/wp\/v2\/posts\/34192\/revisions\/34196"}],"wp:featuredmedia":[{"embeddable":true,"href":"https:\/\/bisbalpenedes.com\/web\/wp-json\/wp\/v2\/media\/34193"}],"wp:attachment":[{"href":"https:\/\/bisbalpenedes.com\/web\/wp-json\/wp\/v2\/media?parent=34192"}],"wp:term":[{"taxonomy":"category","embeddable":true,"href":"https:\/\/bisbalpenedes.com\/web\/wp-json\/wp\/v2\/categories?post=34192"},{"taxonomy":"post_tag","embeddable":true,"href":"https:\/\/bisbalpenedes.com\/web\/wp-json\/wp\/v2\/tags?post=34192"}],"curies":[{"name":"wp","href":"https:\/\/api.w.org\/{rel}","templated":true}]}}