{"id":34189,"date":"2025-07-08T12:14:00","date_gmt":"2025-07-08T10:14:00","guid":{"rendered":"https:\/\/bisbalpenedes.com\/web\/?p=34189"},"modified":"2025-07-09T12:16:43","modified_gmt":"2025-07-09T10:16:43","slug":"club-de-lectura-classics-catalans-a-la-biblioteca","status":"publish","type":"post","link":"https:\/\/bisbalpenedes.com\/web\/2025\/07\/08\/club-de-lectura-classics-catalans-a-la-biblioteca\/","title":{"rendered":"Club de lectura &#8220;Cl\u00e0ssics catalans&#8221; a la biblioteca"},"content":{"rendered":"\n<p>Aquest dimecres 9 de juliol la biblioteca acollir\u00e0 el club de lectura dedicat a &#8220;Vida privada&#8221; de Josep M\u00aa de Segarra, condu\u00eft pel doctor en filologia catalana i escriptor Jordi Mart\u00ed.<\/p>\n\n\n\n<p>Si no us heu pogut llegir el llibre, per\u00f2 esteu interessats en l&#8217;obra narrativa de Segarra i voleu assistir-hi com a espectadors, no ho dubteu!<\/p>\n\n\n\n<hr class=\"wp-block-separator has-alpha-channel-opacity\"\/>\n\n\n\n<p>Este mi\u00e9rcoles 9 de julio la biblioteca acoger\u00e1 el club de lectura dedicado a &#8220;Vida privada&#8221; de Josep M\u00aa de Segarra, conducido por el doctor en filolog\u00eda catalana y escritor Jordi Mart\u00ed.<\/p>\n\n\n\n<p>Si no os hab\u00e9is podido leer el libro, pero est\u00e1is interesados en la obra narrativa de Segarra y quer\u00e9is asistir como espectadores al club, \u00a1No lo dud\u00e9is!<\/p>\n","protected":false},"excerpt":{"rendered":"<p>Aquest dimecres 9 de juliol la biblioteca acollir\u00e0 el club de lectura dedicat a &#8220;Vida privada&#8221; de Josep M\u00aa de Segarra, condu\u00eft pel doctor en filologia catalana i escriptor Jordi &hellip; <a href=\"https:\/\/bisbalpenedes.com\/web\/2025\/07\/08\/club-de-lectura-classics-catalans-a-la-biblioteca\/\" class=\"more-link\">Read More<\/a><\/p>\n","protected":false},"author":4,"featured_media":34171,"comment_status":"closed","ping_status":"closed","sticky":false,"template":"","format":"standard","meta":[],"categories":[2942,2478,13,8],"tags":[180,7108,412,7107,393],"_links":{"self":[{"href":"https:\/\/bisbalpenedes.com\/web\/wp-json\/wp\/v2\/posts\/34189"}],"collection":[{"href":"https:\/\/bisbalpenedes.com\/web\/wp-json\/wp\/v2\/posts"}],"about":[{"href":"https:\/\/bisbalpenedes.com\/web\/wp-json\/wp\/v2\/types\/post"}],"author":[{"embeddable":true,"href":"https:\/\/bisbalpenedes.com\/web\/wp-json\/wp\/v2\/users\/4"}],"replies":[{"embeddable":true,"href":"https:\/\/bisbalpenedes.com\/web\/wp-json\/wp\/v2\/comments?post=34189"}],"version-history":[{"count":1,"href":"https:\/\/bisbalpenedes.com\/web\/wp-json\/wp\/v2\/posts\/34189\/revisions"}],"predecessor-version":[{"id":34190,"href":"https:\/\/bisbalpenedes.com\/web\/wp-json\/wp\/v2\/posts\/34189\/revisions\/34190"}],"wp:featuredmedia":[{"embeddable":true,"href":"https:\/\/bisbalpenedes.com\/web\/wp-json\/wp\/v2\/media\/34171"}],"wp:attachment":[{"href":"https:\/\/bisbalpenedes.com\/web\/wp-json\/wp\/v2\/media?parent=34189"}],"wp:term":[{"taxonomy":"category","embeddable":true,"href":"https:\/\/bisbalpenedes.com\/web\/wp-json\/wp\/v2\/categories?post=34189"},{"taxonomy":"post_tag","embeddable":true,"href":"https:\/\/bisbalpenedes.com\/web\/wp-json\/wp\/v2\/tags?post=34189"}],"curies":[{"name":"wp","href":"https:\/\/api.w.org\/{rel}","templated":true}]}}