{"id":34118,"date":"2025-07-02T19:29:44","date_gmt":"2025-07-02T17:29:44","guid":{"rendered":"https:\/\/bisbalpenedes.com\/web\/?p=34118"},"modified":"2025-07-02T19:58:47","modified_gmt":"2025-07-02T17:58:47","slug":"la-bisbal-del-penedes-engegara-dema-la-ruta-dels-murals","status":"publish","type":"post","link":"https:\/\/bisbalpenedes.com\/web\/2025\/07\/02\/la-bisbal-del-penedes-engegara-dema-la-ruta-dels-murals\/","title":{"rendered":"La Bisbal del Pened\u00e8s engegar\u00e0 dem\u00e0 la Ruta dels Murals"},"content":{"rendered":"\n<p>La Bisbal del Pened\u00e8s tira endavant una nova proposta tur\u00edstica i cultural: la <strong><a href=\"http:\/\/www.rutadelsmurals.com\/\" target=\"_blank\" rel=\"noreferrer noopener\">Ruta dels Murals<\/a><\/strong>. Es tracta d\u2019una experi\u00e8ncia guiada que combina art urb\u00e0, realitat augmentada, hist\u00f2ria i patrimoni local i que vol potenciar les visites al municipi i la promoci\u00f3 del comer\u00e7 i els productors locals.<\/p>\n\n\n\n<p>La Bisbal \u00e9s una vila amb encant, envoltada de natura i tradicions. Va ser el 1r municipi en acollir el Grafftech Fest, un festival que combina l\u2019art urb\u00e0 amb la tecnologia, amb l\u2019objectiu d\u2019embellir el poble i que els visitants pogu\u00e9ssiu gaudir d\u2019una experi\u00e8ncia que us port\u00e9s m\u00e9s enll\u00e0 de les obres, mitjan\u00e7ant la realitat augmentada. Durant els darrers anys, aquesta iniciativa ha omplert els carrers bisbalencs d\u2019art i, actualment, podeu gaudir de m\u00e9s d\u2019una trentena d\u2019obres, moltes d\u2019elles amb alguna relaci\u00f3 amb elements caracter\u00edstics de la Bisbal del Pened\u00e8s, com ara les seves tradicions, les entitats i la cultura popular.<\/p>\n\n\n\n<p><strong>L\u2019experi\u00e8ncia<\/strong><\/p>\n\n\n\n<p>Durant la vostra visita comptareu amb l\u2019acompanyament d\u2019un guia local que facilitar\u00e0 informaci\u00f3 sobre les obres, els artistes, curiositats i an\u00e8cdotes de la vila. Tamb\u00e9 podreu experimentar la realitat augmentada i us podreu fotografiar en els <em>photocalls<\/em> que trobareu al llarg del recorregut. A m\u00e9s, rebreu un mapa complet de la ruta, un carnet oficial de visitant de la ruta i una cartilla de descomptes per utilitzar als comer\u00e7os i restaurants locals.<\/p>\n\n\n\n<p><strong>Modalitats de ruta<\/strong><\/p>\n\n\n\n<p><strong>Ruta mitja (1 hora)<\/strong>: Una 1a fase que inclou la visita a alguns dels murals m\u00e9s destacats de la localitat, ideal per a aquells que disposen de menys temps o prefereixen una experi\u00e8ncia m\u00e9s breu.<\/p>\n\n\n\n<p><strong>Ruta completa (2 hores)<\/strong>: Inclou la 1a fase m\u00e9s una 2a part on es completa la visita a tots els murals i es realitza una degustaci\u00f3 de productes locals t\u00edpics de la Bisbal, com l\u2019oli d&#8217;oliva, el vi i altres especialitats gastron\u00f2miques del territori.<\/p>\n\n\n\n<p><strong>Altres modalitats:<\/strong> podeu consultar altres modalitats mitjan\u00e7ant el formulari del web o personant-vos al punt d\u2019informaci\u00f3. Podreu gaudir, per exemple, d\u2019una experi\u00e8ncia muntats en un carro guiat per cavalls.<\/p>\n\n\n\n<p><strong>Informaci\u00f3 i inscripcions<\/strong><\/p>\n\n\n\n<p>Trobareu un d&#8217;informaci\u00f3 f\u00edsic ubicat al <strong>Centre Municipal de Cultura (CMC) de la Bisbal<\/strong>, que estar\u00e0 operatiu els <strong>dijous i dissabtes de 9 a 13 hores<\/strong>.<\/p>\n\n\n\n<p>Les inscripcions es podran fer de forma presencial en aquest punt i tamb\u00e9 a trav\u00e9s del web <a href=\"http:\/\/www.rutadelsmurals.com\/\">http:\/\/www.rutadelsmurals.com\/<\/a><br><br>Foto d&#8217;aquesta p\u00e0gina: <a href=\"https:\/\/raulgallegofotoestudio.com\/\" target=\"_blank\" rel=\"noreferrer noopener\">Ra\u00fal Gallego<\/a><\/p>\n\n\n\n<hr class=\"wp-block-separator has-alpha-channel-opacity\"\/>\n\n\n\n<h2><strong>La Bisbal del Pened\u00e8s pondr\u00e1 en marcha ma\u00f1ana la Ruta de los Murales<\/strong><\/h2>\n\n\n\n<p>La Bisbal del Pened\u00e8s saca adelante una nueva propuesta tur\u00edstica y cultural: la <a href=\"http:\/\/www.rutadelsmurals.com\/\" target=\"_blank\" rel=\"noreferrer noopener\"><strong>Ruta de los Murales<\/strong>.<\/a> Se trata de una experiencia guiada que combina arte urbano, realidad aumentada, historia y patrimonio local y que quiere potenciar las visitas al municipio y la promoci\u00f3n del comercio y los productores locales.<\/p>\n\n\n\n<p>La Bisbal es un pueblo con encanto, rodeado de naturaleza y tradiciones. Fue el 1er municipio en acoger el Grafftech Fest, un festival que combina el arte urbano con la tecnolog\u00eda, con el objetivo de embellecer el pueblo y que los visitantes pudierais disfrutar de una experiencia que os llevara m\u00e1s all\u00e1 de las obras, mediante la realidad aumentada. Durante los \u00faltimos a\u00f1os, esta iniciativa ha llenado las calles de la Bisbal de arte y, actualmente, pod\u00e9is disfrutar de m\u00e1s de una treintena de obras, muchas de ellas con alguna relaci\u00f3n con elementos caracter\u00edsticos de la Bisbal del Pened\u00e8s, como sus tradiciones, las entidades y la cultura popular.<\/p>\n\n\n\n<p><strong>La experiencia<\/strong><\/p>\n\n\n\n<p>Durante vuestra visita contar\u00e9is con el acompa\u00f1amiento de un gu\u00eda local que facilitar\u00e1 informaci\u00f3n sobre las obras, los artistas, curiosidades y an\u00e9cdotas del pueblo. Tambi\u00e9n podr\u00e9is experimentar la realidad aumentada y os podr\u00e9is fotografiar en los <em>photocalls<\/em> que encontrar\u00e9is a lo largo del recorrido. Adem\u00e1s, recibir\u00e9is un mapa completo de la ruta, un carn\u00e9 oficial de visitante de la ruta y una cartilla de descuentos para utilizar en los comercios y restaurantes locales.<\/p>\n\n\n\n<p><strong>Modalidades de ruta<\/strong><\/p>\n\n\n\n<p><strong>Ruta media (1 hora)<\/strong>: Una 1\u00aa fase que incluye la visita a algunos de los murales m\u00e1s destacados de la localidad, ideal para aquellos que disponen de menos tiempo o prefieren una experiencia m\u00e1s breve.<\/p>\n\n\n\n<p><strong>Ruta completa (2 horas)<\/strong>: Incluye la 1\u00aa fase m\u00e1s una 2\u00aa parte donde se completa la visita a todos los murales y se realiza una degustaci\u00f3n de productos locales t\u00edpicos de la Bisbal, como el aceite de oliva, el vino y otras especialidades gastron\u00f3micas del territorio.<\/p>\n\n\n\n<p><strong>Otras modalidades:<\/strong> pod\u00e9is consultar otras modalidades mediante el formulario de la web o person\u00e1ndoos en el punto de informaci\u00f3n. Podr\u00e9is disfrutar, por ejemplo, de una experiencia montados en un carro guiado por caballos.<\/p>\n\n\n\n<p><strong>Informaci\u00f3n e inscripciones<\/strong><\/p>\n\n\n\n<p>Encontrar\u00e9is un punto de informaci\u00f3n f\u00edsico ubicado en el <strong>Centr<\/strong><strong>e<\/strong><strong> Municipal de Cultura (CMC) de la Bisbal<\/strong>, que estar\u00e1 operativo los <strong>jueves y s\u00e1bados de 9 a 13 horas<\/strong>.<\/p>\n\n\n\n<p>Las inscripciones se podr\u00e1n hacer de forma presencial en este punto y tambi\u00e9n a trav\u00e9s de la web <a href=\"http:\/\/www.rutadelsmurals.com\/\">http:\/\/www.rutadelsmurals.com\/<\/a><\/p>\n","protected":false},"excerpt":{"rendered":"<p>La Bisbal del Pened\u00e8s tira endavant una nova proposta tur\u00edstica i cultural: la Ruta dels Murals. Es tracta d\u2019una experi\u00e8ncia guiada que combina art urb\u00e0, realitat augmentada, hist\u00f2ria i patrimoni &hellip; <a href=\"https:\/\/bisbalpenedes.com\/web\/2025\/07\/02\/la-bisbal-del-penedes-engegara-dema-la-ruta-dels-murals\/\" class=\"more-link\">Read More<\/a><\/p>\n","protected":false},"author":4,"featured_media":32962,"comment_status":"closed","ping_status":"closed","sticky":false,"template":"","format":"standard","meta":[],"categories":[13,8,4878],"tags":[459,393,6501],"_links":{"self":[{"href":"https:\/\/bisbalpenedes.com\/web\/wp-json\/wp\/v2\/posts\/34118"}],"collection":[{"href":"https:\/\/bisbalpenedes.com\/web\/wp-json\/wp\/v2\/posts"}],"about":[{"href":"https:\/\/bisbalpenedes.com\/web\/wp-json\/wp\/v2\/types\/post"}],"author":[{"embeddable":true,"href":"https:\/\/bisbalpenedes.com\/web\/wp-json\/wp\/v2\/users\/4"}],"replies":[{"embeddable":true,"href":"https:\/\/bisbalpenedes.com\/web\/wp-json\/wp\/v2\/comments?post=34118"}],"version-history":[{"count":2,"href":"https:\/\/bisbalpenedes.com\/web\/wp-json\/wp\/v2\/posts\/34118\/revisions"}],"predecessor-version":[{"id":34121,"href":"https:\/\/bisbalpenedes.com\/web\/wp-json\/wp\/v2\/posts\/34118\/revisions\/34121"}],"wp:featuredmedia":[{"embeddable":true,"href":"https:\/\/bisbalpenedes.com\/web\/wp-json\/wp\/v2\/media\/32962"}],"wp:attachment":[{"href":"https:\/\/bisbalpenedes.com\/web\/wp-json\/wp\/v2\/media?parent=34118"}],"wp:term":[{"taxonomy":"category","embeddable":true,"href":"https:\/\/bisbalpenedes.com\/web\/wp-json\/wp\/v2\/categories?post=34118"},{"taxonomy":"post_tag","embeddable":true,"href":"https:\/\/bisbalpenedes.com\/web\/wp-json\/wp\/v2\/tags?post=34118"}],"curies":[{"name":"wp","href":"https:\/\/api.w.org\/{rel}","templated":true}]}}