{"id":34114,"date":"2025-07-02T19:00:01","date_gmt":"2025-07-02T17:00:01","guid":{"rendered":"https:\/\/bisbalpenedes.com\/web\/?p=34114"},"modified":"2025-07-02T19:00:01","modified_gmt":"2025-07-02T17:00:01","slug":"participa-en-el-pla-municipal-de-lectura-emplena-lenquesta","status":"publish","type":"post","link":"https:\/\/bisbalpenedes.com\/web\/2025\/07\/02\/participa-en-el-pla-municipal-de-lectura-emplena-lenquesta\/","title":{"rendered":"Participa en el Pla Municipal de Lectura &#8211; Emplena l&#8217;enquesta!"},"content":{"rendered":"\n<p>Ens ajudes a con\u00e8ixer l&#8217;estat de la lectura i els h\u00e0bits lectors al municipi?<\/p>\n\n\n\n<p>Vols participar i dir la teva sobre la promoci\u00f3 de la lectura?<\/p>\n\n\n\n<p>Ara en tens l&#8217;oportunitat!<\/p>\n\n\n\n<p>Omple l&#8217;enquesta que trobar\u00e0s en aquest enlla\u00e7 i participa en el Pla de Lectura Municipal de la Bisbal del Pened\u00e8s:<\/p>\n\n\n\n<p><a href=\"https:\/\/docs.google.com\/forms\/d\/e\/1FAIpQLSficMyf1VPDPQzyAp_rLAN436L768SaL0Y3Nz2dd_pJR4pF0Q\/viewform?fbclid=IwY2xjawLCDmpleHRuA2FlbQIxMAABHqIorOIGR1_UUfgePy-Z_0tjMSh1MJbFtFWRv_u7GDlqhngBvxtdQ1K4egrO_aem_BcdqZJswU3O_sgAHcOWLDQ\">https:\/\/docs.google.com\/forms\/d\/e\/1FAIpQLSficMyf1VPDPQzyAp_rLAN436L768SaL0Y3Nz2dd_pJR4pF0Q\/viewform?fbclid=IwY2xjawLCDmpleHRuA2FlbQIxMAABHqIorOIGR1_UUfgePy-Z_0tjMSh1MJbFtFWRv_u7GDlqhngBvxtdQ1K4egrO_aem_BcdqZJswU3O_sgAHcOWLDQ<\/a><\/p>\n\n\n\n<p>La teva participaci\u00f3 \u00e9s capdal!<\/p>\n\n\n\n<p>El pla de Lectura vol posar la lectura al centre de la vida cultural, educativa i comunit\u00e0ria del municipi. S\u2019elaborar\u00e0 durant els pr\u00f2xims mesos i es presentar\u00e0 a finals d\u2019aquest any.<\/p>\n\n\n\n<p>M\u00e9s informaci\u00f3: <a href=\"https:\/\/bisbalpenedes.com\/web\/2025\/05\/13\/en-marxa-el-primer-pla-municipal-de-lectura-de-la-bisbal-del-penedes\/\" target=\"_blank\" rel=\"noreferrer noopener\">https:\/\/bisbalpenedes.com\/web\/2025\/05\/13\/en-marxa-el-primer-pla-municipal-de-lectura-de-la-bisbal-del-penedes\/<\/a><\/p>\n\n\n\n<hr class=\"wp-block-separator has-alpha-channel-opacity\"\/>\n\n\n\n<p>\u00bfNos ayudas a conocer el estado de la lectura y los h\u00e1bitos lectores en el municipio?<\/p>\n\n\n\n<p>\u00bfQuieres participar y dar tu opini\u00f3n sobre la promoci\u00f3n de la lectura?<\/p>\n\n\n\n<p>\u00a1Ahora tienes la oportunidad!<\/p>\n\n\n\n<p>Rellena la encuesta que encontrar\u00e1s en este enlace y participa en el Plan de Lectura Municipal de la Bisbal del Pened\u00e8s:<\/p>\n\n\n\n<p><a href=\"https:\/\/docs.google.com\/forms\/d\/e\/1FAIpQLSficMyf1VPDPQzyAp_rLAN436L768SaL0Y3Nz2dd_pJR4pF0Q\/viewform?fbclid=IwY2xjawLCDmpleHRuA2FlbQIxMAABHqIorOIGR1_UUfgePy-Z_0tjMSh1MJbFtFWRv_u7GDlqhngBvxtdQ1K4egrO_aem_BcdqZJswU3O_sgAHcOWLDQ\">https:\/\/docs.google.com\/forms\/d\/e\/1FAIpQLSficMyf1VPDPQzyAp_rLAN436L768SaL0Y3Nz2dd_pJR4pF0Q\/viewform?fbclid=IwY2xjawLCDmpleHRuA2FlbQIxMAABHqIorOIGR1_UUfgePy-Z_0tjMSh1MJbFtFWRv_u7GDlqhngBvxtdQ1K4egrO_aem_BcdqZJswU3O_sgAHcOWLDQ<\/a><\/p>\n\n\n\n<p>\u00a1Tu participaci\u00f3n es fundamental!<\/p>\n\n\n\n<p>El Plan de Lectura quiere poner la lectura en el centro de la vida cultural, educativa y comunitaria del municipio. Se elaborar\u00e1 durante los pr\u00f3ximos meses y se presentar\u00e1 a finales de este a\u00f1o.<\/p>\n\n\n\n<p>M\u00e1s informaci\u00f3n: <a rel=\"noreferrer noopener\" href=\"https:\/\/bisbalpenedes.com\/web\/2025\/05\/13\/en-marxa-el-primer-pla-municipal-de-lectura-de-la-bisbal-del-penedes\/\" target=\"_blank\">https:\/\/bisbalpenedes.com\/web\/2025\/05\/13\/en-marxa-el-primer-pla-municipal-de-lectura-de-la-bisbal-del-penedes\/ <\/a><\/p>\n\n\n\n<p><\/p>\n","protected":false},"excerpt":{"rendered":"<p>Ens ajudes a con\u00e8ixer l&#8217;estat de la lectura i els h\u00e0bits lectors al municipi? Vols participar i dir la teva sobre la promoci\u00f3 de la lectura? Ara en tens l&#8217;oportunitat! &hellip; <a href=\"https:\/\/bisbalpenedes.com\/web\/2025\/07\/02\/participa-en-el-pla-municipal-de-lectura-emplena-lenquesta\/\" class=\"more-link\">Read More<\/a><\/p>\n","protected":false},"author":4,"featured_media":34115,"comment_status":"closed","ping_status":"closed","sticky":false,"template":"","format":"standard","meta":[],"categories":[2478,13,8],"tags":[7100],"_links":{"self":[{"href":"https:\/\/bisbalpenedes.com\/web\/wp-json\/wp\/v2\/posts\/34114"}],"collection":[{"href":"https:\/\/bisbalpenedes.com\/web\/wp-json\/wp\/v2\/posts"}],"about":[{"href":"https:\/\/bisbalpenedes.com\/web\/wp-json\/wp\/v2\/types\/post"}],"author":[{"embeddable":true,"href":"https:\/\/bisbalpenedes.com\/web\/wp-json\/wp\/v2\/users\/4"}],"replies":[{"embeddable":true,"href":"https:\/\/bisbalpenedes.com\/web\/wp-json\/wp\/v2\/comments?post=34114"}],"version-history":[{"count":1,"href":"https:\/\/bisbalpenedes.com\/web\/wp-json\/wp\/v2\/posts\/34114\/revisions"}],"predecessor-version":[{"id":34116,"href":"https:\/\/bisbalpenedes.com\/web\/wp-json\/wp\/v2\/posts\/34114\/revisions\/34116"}],"wp:featuredmedia":[{"embeddable":true,"href":"https:\/\/bisbalpenedes.com\/web\/wp-json\/wp\/v2\/media\/34115"}],"wp:attachment":[{"href":"https:\/\/bisbalpenedes.com\/web\/wp-json\/wp\/v2\/media?parent=34114"}],"wp:term":[{"taxonomy":"category","embeddable":true,"href":"https:\/\/bisbalpenedes.com\/web\/wp-json\/wp\/v2\/categories?post=34114"},{"taxonomy":"post_tag","embeddable":true,"href":"https:\/\/bisbalpenedes.com\/web\/wp-json\/wp\/v2\/tags?post=34114"}],"curies":[{"name":"wp","href":"https:\/\/api.w.org\/{rel}","templated":true}]}}