{"id":34079,"date":"2025-06-30T09:19:29","date_gmt":"2025-06-30T07:19:29","guid":{"rendered":"https:\/\/bisbalpenedes.com\/web\/?p=34079"},"modified":"2025-06-30T09:19:29","modified_gmt":"2025-06-30T07:19:29","slug":"avis-per-calor-consells-per-evitar-riscos-relacionats-amb-la-calor","status":"publish","type":"post","link":"https:\/\/bisbalpenedes.com\/web\/2025\/06\/30\/avis-per-calor-consells-per-evitar-riscos-relacionats-amb-la-calor\/","title":{"rendered":"Av\u00eds per calor &#8211; Consells per evitar riscos relacionats amb la calor"},"content":{"rendered":"\n<p>Atenci\u00f3! Hi ha un av\u00eds per calor actiu per avui dilluns i dem\u00e0 dimarts. Us adjuntem una imatge amb consells per evitar riscos relacionats amb la calor.<\/p>\n\n\n\n<hr class=\"wp-block-separator has-alpha-channel-opacity\"\/>\n\n\n\n<p>\u00a1Atenci\u00f3n! Hay un aviso por calor activo para hoy lunes y ma\u00f1ana martes.<\/p>\n\n\n\n<p>Os adjuntamos una imagen con consejos para evitar riesgos relacionados con el calor.<\/p>\n\n\n\n<figure class=\"wp-block-image size-full\"><img loading=\"lazy\" width=\"659\" height=\"832\" src=\"https:\/\/bisbalpenedes.com\/web\/wp-content\/uploads\/2025\/06\/AVIS-CALOR-DILLUNS-30-JUNY.png\" alt=\"\" class=\"wp-image-34081\" srcset=\"https:\/\/bisbalpenedes.com\/web\/wp-content\/uploads\/2025\/06\/AVIS-CALOR-DILLUNS-30-JUNY.png 659w, https:\/\/bisbalpenedes.com\/web\/wp-content\/uploads\/2025\/06\/AVIS-CALOR-DILLUNS-30-JUNY-238x300.png 238w, https:\/\/bisbalpenedes.com\/web\/wp-content\/uploads\/2025\/06\/AVIS-CALOR-DILLUNS-30-JUNY-600x758.png 600w\" sizes=\"(max-width: 659px) 100vw, 659px\" \/><\/figure>\n\n\n\n<figure class=\"wp-block-image size-full\"><img loading=\"lazy\" width=\"658\" height=\"832\" src=\"https:\/\/bisbalpenedes.com\/web\/wp-content\/uploads\/2025\/06\/AVIS-CALOR-DIMARTS-1-DE-JULIOL.png\" alt=\"\" class=\"wp-image-34082\" srcset=\"https:\/\/bisbalpenedes.com\/web\/wp-content\/uploads\/2025\/06\/AVIS-CALOR-DIMARTS-1-DE-JULIOL.png 658w, https:\/\/bisbalpenedes.com\/web\/wp-content\/uploads\/2025\/06\/AVIS-CALOR-DIMARTS-1-DE-JULIOL-237x300.png 237w, https:\/\/bisbalpenedes.com\/web\/wp-content\/uploads\/2025\/06\/AVIS-CALOR-DIMARTS-1-DE-JULIOL-600x759.png 600w\" sizes=\"(max-width: 658px) 100vw, 658px\" \/><\/figure>\n","protected":false},"excerpt":{"rendered":"<p>Atenci\u00f3! Hi ha un av\u00eds per calor actiu per avui dilluns i dem\u00e0 dimarts. Us adjuntem una imatge amb consells per evitar riscos relacionats amb la calor. \u00a1Atenci\u00f3n! Hay un &hellip; <a href=\"https:\/\/bisbalpenedes.com\/web\/2025\/06\/30\/avis-per-calor-consells-per-evitar-riscos-relacionats-amb-la-calor\/\" class=\"more-link\">Read More<\/a><\/p>\n","protected":false},"author":4,"featured_media":34080,"comment_status":"closed","ping_status":"closed","sticky":false,"template":"","format":"standard","meta":[],"categories":[1628,8,14],"tags":[4580,459,76,393],"_links":{"self":[{"href":"https:\/\/bisbalpenedes.com\/web\/wp-json\/wp\/v2\/posts\/34079"}],"collection":[{"href":"https:\/\/bisbalpenedes.com\/web\/wp-json\/wp\/v2\/posts"}],"about":[{"href":"https:\/\/bisbalpenedes.com\/web\/wp-json\/wp\/v2\/types\/post"}],"author":[{"embeddable":true,"href":"https:\/\/bisbalpenedes.com\/web\/wp-json\/wp\/v2\/users\/4"}],"replies":[{"embeddable":true,"href":"https:\/\/bisbalpenedes.com\/web\/wp-json\/wp\/v2\/comments?post=34079"}],"version-history":[{"count":1,"href":"https:\/\/bisbalpenedes.com\/web\/wp-json\/wp\/v2\/posts\/34079\/revisions"}],"predecessor-version":[{"id":34083,"href":"https:\/\/bisbalpenedes.com\/web\/wp-json\/wp\/v2\/posts\/34079\/revisions\/34083"}],"wp:featuredmedia":[{"embeddable":true,"href":"https:\/\/bisbalpenedes.com\/web\/wp-json\/wp\/v2\/media\/34080"}],"wp:attachment":[{"href":"https:\/\/bisbalpenedes.com\/web\/wp-json\/wp\/v2\/media?parent=34079"}],"wp:term":[{"taxonomy":"category","embeddable":true,"href":"https:\/\/bisbalpenedes.com\/web\/wp-json\/wp\/v2\/categories?post=34079"},{"taxonomy":"post_tag","embeddable":true,"href":"https:\/\/bisbalpenedes.com\/web\/wp-json\/wp\/v2\/tags?post=34079"}],"curies":[{"name":"wp","href":"https:\/\/api.w.org\/{rel}","templated":true}]}}