{"id":34073,"date":"2025-06-27T14:39:21","date_gmt":"2025-06-27T12:39:21","guid":{"rendered":"https:\/\/bisbalpenedes.com\/web\/?p=34073"},"modified":"2025-06-27T14:39:31","modified_gmt":"2025-06-27T12:39:31","slug":"des-del-consell-comarcal-simpulsa-la-creacio-dun-espai-segur-i-participatiu-per-al-collectu-lgbti-a-la-comarca","status":"publish","type":"post","link":"https:\/\/bisbalpenedes.com\/web\/2025\/06\/27\/des-del-consell-comarcal-simpulsa-la-creacio-dun-espai-segur-i-participatiu-per-al-collectu-lgbti-a-la-comarca\/","title":{"rendered":"Des del Consell Comarcal s&#8217;impulsa la creaci\u00f3 d&#8217;un espai segur i participatiu per al col\u00b7lectu LGBTI+ a la comarca"},"content":{"rendered":"\n<p>\ud83c\udf08 Aquest 28 de juny, Dia Internacional de l\u2019Orgull LGBTI+, des de La Bisbal del Pened\u00e8s ens sumem a la campanya ORGULLOSAMENT RURALS del SAI LGBTI+ del Consell Comarcal Baix Pened\u00e8s per impulsar la creaci\u00f3 d\u2019un espai segur i participatiu per al col\u00b7lectiu a la comarca. Un espai de refer\u00e8ncia pel col\u00b7lectiu on poder compartir viv\u00e8ncies i inquietuds, teixir xarxa i fer comunitat.<\/p>\n\n\n\n<p>Aquesta campanya la podreu veure durant tot l\u2019estiu als espais de Festes Majors de la comarca. I a la tardor, ens trobarem per comen\u00e7ar a donar forma col\u00b7lectiva a aquest nou espai.<\/p>\n\n\n\n<p>Si ets una persona LGBTI+ i vols formar part d\u2019aquest espai, omple el formulari que trobar\u00e0s escanejant el codi QR del cartell o en aquest enlla\u00e7: <a href=\"https:\/\/forms.gle\/Rer6hwrxpPPDdr876\">https:\/\/forms.gle\/Rer6hwrxpPPDdr876<\/a><br>Ajuda\u2019ns a que fer arribi a tothom!<\/p>\n\n\n\n<p>Fem xarxa, fem comunitat, fem comarca!<br>\ud83d\udc9c Perqu\u00e8 el Baix Pened\u00e8s tamb\u00e9 pot ser un territori orgull\u00f3s.<\/p>\n\n\n\n<hr class=\"wp-block-separator has-alpha-channel-opacity\"\/>\n\n\n\n<p>\ud83c\udf08 Este 28 de junio, D\u00eda Internacional del Orgullo LGBTI+, desde La Bisbal del Pened\u00e8s nos sumamos a la campa\u00f1a ORGULLOSAMENTE RURALES del SAI LGBTI+ del Consell Comarcal Baix Pened\u00e8s para impulsar la creaci\u00f3n de un espacio seguro y participativo para el colectivo en la comarca. Un espacio de referencia para el colectivo donde poder compartir vivencias e inquietudes, tejer red y hacer comunidad.<\/p>\n\n\n\n<p>Esta campa\u00f1a la podr\u00e9is ver durante todo el verano en los espacios de Fiestas Mayores de la comarca. Y en oto\u00f1o, nos encontraremos para empezar a dar forma colectiva a este nuevo espacio.<\/p>\n\n\n\n<p>Si eres una persona LGBTI+ y quieres formar parte de este espacio, rellena el formulario que encontrar\u00e1s escaneando el c\u00f3digo QR del cartel o en este enlace: <a href=\"https:\/\/forms.gle\/Rer6hwrxpPPDdr876\">https:\/\/forms.gle\/Rer6hwrxpPPDdr876<\/a><\/p>\n\n\n\n<p>\u00a1Ay\u00fadanos a que llegue a todo el mundo!<\/p>\n\n\n\n<p>\u00a1Hacemos red, hacemos comunidad, hacemos comarca!<\/p>\n\n\n\n<p>\ud83d\udc9c Porque el Baix Pened\u00e8s tambi\u00e9n puede ser un territorio orgulloso.<\/p>\n","protected":false},"excerpt":{"rendered":"<p>\ud83c\udf08 Aquest 28 de juny, Dia Internacional de l\u2019Orgull LGBTI+, des de La Bisbal del Pened\u00e8s ens sumem a la campanya ORGULLOSAMENT RURALS del SAI LGBTI+ del Consell Comarcal Baix &hellip; <a href=\"https:\/\/bisbalpenedes.com\/web\/2025\/06\/27\/des-del-consell-comarcal-simpulsa-la-creacio-dun-espai-segur-i-participatiu-per-al-collectu-lgbti-a-la-comarca\/\" class=\"more-link\">Read More<\/a><\/p>\n","protected":false},"author":4,"featured_media":34074,"comment_status":"closed","ping_status":"closed","sticky":false,"template":"","format":"standard","meta":[],"categories":[6120,8],"tags":[7096,3445,393,7095,3915,1374],"_links":{"self":[{"href":"https:\/\/bisbalpenedes.com\/web\/wp-json\/wp\/v2\/posts\/34073"}],"collection":[{"href":"https:\/\/bisbalpenedes.com\/web\/wp-json\/wp\/v2\/posts"}],"about":[{"href":"https:\/\/bisbalpenedes.com\/web\/wp-json\/wp\/v2\/types\/post"}],"author":[{"embeddable":true,"href":"https:\/\/bisbalpenedes.com\/web\/wp-json\/wp\/v2\/users\/4"}],"replies":[{"embeddable":true,"href":"https:\/\/bisbalpenedes.com\/web\/wp-json\/wp\/v2\/comments?post=34073"}],"version-history":[{"count":1,"href":"https:\/\/bisbalpenedes.com\/web\/wp-json\/wp\/v2\/posts\/34073\/revisions"}],"predecessor-version":[{"id":34075,"href":"https:\/\/bisbalpenedes.com\/web\/wp-json\/wp\/v2\/posts\/34073\/revisions\/34075"}],"wp:featuredmedia":[{"embeddable":true,"href":"https:\/\/bisbalpenedes.com\/web\/wp-json\/wp\/v2\/media\/34074"}],"wp:attachment":[{"href":"https:\/\/bisbalpenedes.com\/web\/wp-json\/wp\/v2\/media?parent=34073"}],"wp:term":[{"taxonomy":"category","embeddable":true,"href":"https:\/\/bisbalpenedes.com\/web\/wp-json\/wp\/v2\/categories?post=34073"},{"taxonomy":"post_tag","embeddable":true,"href":"https:\/\/bisbalpenedes.com\/web\/wp-json\/wp\/v2\/tags?post=34073"}],"curies":[{"name":"wp","href":"https:\/\/api.w.org\/{rel}","templated":true}]}}