{"id":34053,"date":"2025-06-26T12:38:25","date_gmt":"2025-06-26T10:38:25","guid":{"rendered":"https:\/\/bisbalpenedes.com\/web\/?p=34053"},"modified":"2025-06-26T12:38:25","modified_gmt":"2025-06-26T10:38:25","slug":"la-piscina-municipal-tindra-gespa-artificial-proximament","status":"publish","type":"post","link":"https:\/\/bisbalpenedes.com\/web\/2025\/06\/26\/la-piscina-municipal-tindra-gespa-artificial-proximament\/","title":{"rendered":"La piscina municipal tindr\u00e0 gespa artificial pr\u00f2ximament"},"content":{"rendered":"\n<p>La piscina municipal tindr\u00e0 gespa artificial pr\u00f2ximament!<\/p>\n\n\n\n<p>A partir de la setmana vinent podreu gaudir de la sensaci\u00f3 d\u2019estirar-vos a la gespa a la piscina de la Bisbal!<\/p>\n\n\n\n<p>Durant aquesta setmana s\u2019est\u00e0 fent la instal\u00b7laci\u00f3 de la gespa. Us demanem paci\u00e8ncia mentre la instal\u00b7len i que mireu de situar-vos en llocs, com ara la zona de sorra, perqu\u00e8 els operaris puguin agilitzar la feina i dur a terme les tasques que tenen encomanades.<\/p>\n\n\n\n<p>Esperem que, una vegada acabada aquesta instal\u00b7laci\u00f3, tots plegats puguem gaudir d\u2019aquesta novetat que, de ben segur, ens donar\u00e0 molta m\u00e9s confortabilitat!<\/p>\n\n\n\n<figure class=\"wp-block-image size-large\"><img loading=\"lazy\" width=\"1024\" height=\"768\" src=\"https:\/\/bisbalpenedes.com\/web\/wp-content\/uploads\/2025\/06\/PISCINA-MUNICIPAL-INSTAL\u00b7LACIO\u0301-GESPA-1024x768.jpg\" alt=\"\" class=\"wp-image-34054\" srcset=\"https:\/\/bisbalpenedes.com\/web\/wp-content\/uploads\/2025\/06\/PISCINA-MUNICIPAL-INSTAL\u00b7LACIO\u0301-GESPA-1024x768.jpg 1024w, https:\/\/bisbalpenedes.com\/web\/wp-content\/uploads\/2025\/06\/PISCINA-MUNICIPAL-INSTAL\u00b7LACIO\u0301-GESPA-300x225.jpg 300w, https:\/\/bisbalpenedes.com\/web\/wp-content\/uploads\/2025\/06\/PISCINA-MUNICIPAL-INSTAL\u00b7LACIO\u0301-GESPA-768x576.jpg 768w, https:\/\/bisbalpenedes.com\/web\/wp-content\/uploads\/2025\/06\/PISCINA-MUNICIPAL-INSTAL\u00b7LACIO\u0301-GESPA-1536x1152.jpg 1536w, https:\/\/bisbalpenedes.com\/web\/wp-content\/uploads\/2025\/06\/PISCINA-MUNICIPAL-INSTAL\u00b7LACIO\u0301-GESPA-600x450.jpg 600w, https:\/\/bisbalpenedes.com\/web\/wp-content\/uploads\/2025\/06\/PISCINA-MUNICIPAL-INSTAL\u00b7LACIO\u0301-GESPA.jpg 1600w\" sizes=\"(max-width: 1024px) 100vw, 1024px\" \/><\/figure>\n\n\n\n<hr class=\"wp-block-separator has-alpha-channel-opacity\"\/>\n\n\n\n<p>\u00a1La piscina municipal tendr\u00e1 c\u00e9sped artificial pr\u00f3ximamente!<\/p>\n\n\n\n<p>\u00a1A partir de la semana que viene podr\u00e9is disfrutar de la sensaci\u00f3n de tumbaros en el c\u00e9sped en la piscina de la Bisbal!<\/p>\n\n\n\n<p>Durante esta semana se est\u00e1 realizando la instalaci\u00f3n del c\u00e9sped. Os pedimos paciencia mientras lo instalan y que procur\u00e9is situaros en lugares, como por ejemplo la zona de arena, para que los operarios puedan agilizar el trabajo y llevar a cabo las tareas que tienen encomendadas.<\/p>\n\n\n\n<p>Esperamos que, una vez terminada esta instalaci\u00f3n, todos juntos podamos disfrutar de esta novedad que, seguramente, \u00a1nos dar\u00e1 mucha m\u00e1s comodidad!<\/p>\n\n\n\n<hr class=\"wp-block-separator has-alpha-channel-opacity\"\/>\n\n\n\n<p><strong>Horaris i preus piscina 2025: <\/strong><\/p>\n\n\n\n<p> <a href=\"https:\/\/bisbalpenedes.com\/web\/2025\/06\/20\/piscina-municipal-2025\/\" target=\"_blank\" rel=\"noreferrer noopener\">https:\/\/bisbalpenedes.com\/web\/2025\/06\/20\/piscina-municipal-2025\/<\/a><\/p>\n","protected":false},"excerpt":{"rendered":"<p>La piscina municipal tindr\u00e0 gespa artificial pr\u00f2ximament! A partir de la setmana vinent podreu gaudir de la sensaci\u00f3 d\u2019estirar-vos a la gespa a la piscina de la Bisbal! Durant aquesta &hellip; <a href=\"https:\/\/bisbalpenedes.com\/web\/2025\/06\/26\/la-piscina-municipal-tindra-gespa-artificial-proximament\/\" class=\"more-link\">Read More<\/a><\/p>\n","protected":false},"author":4,"featured_media":34055,"comment_status":"closed","ping_status":"closed","sticky":false,"template":"","format":"standard","meta":[],"categories":[8],"tags":[459,5808,74,266],"_links":{"self":[{"href":"https:\/\/bisbalpenedes.com\/web\/wp-json\/wp\/v2\/posts\/34053"}],"collection":[{"href":"https:\/\/bisbalpenedes.com\/web\/wp-json\/wp\/v2\/posts"}],"about":[{"href":"https:\/\/bisbalpenedes.com\/web\/wp-json\/wp\/v2\/types\/post"}],"author":[{"embeddable":true,"href":"https:\/\/bisbalpenedes.com\/web\/wp-json\/wp\/v2\/users\/4"}],"replies":[{"embeddable":true,"href":"https:\/\/bisbalpenedes.com\/web\/wp-json\/wp\/v2\/comments?post=34053"}],"version-history":[{"count":1,"href":"https:\/\/bisbalpenedes.com\/web\/wp-json\/wp\/v2\/posts\/34053\/revisions"}],"predecessor-version":[{"id":34056,"href":"https:\/\/bisbalpenedes.com\/web\/wp-json\/wp\/v2\/posts\/34053\/revisions\/34056"}],"wp:featuredmedia":[{"embeddable":true,"href":"https:\/\/bisbalpenedes.com\/web\/wp-json\/wp\/v2\/media\/34055"}],"wp:attachment":[{"href":"https:\/\/bisbalpenedes.com\/web\/wp-json\/wp\/v2\/media?parent=34053"}],"wp:term":[{"taxonomy":"category","embeddable":true,"href":"https:\/\/bisbalpenedes.com\/web\/wp-json\/wp\/v2\/categories?post=34053"},{"taxonomy":"post_tag","embeddable":true,"href":"https:\/\/bisbalpenedes.com\/web\/wp-json\/wp\/v2\/tags?post=34053"}],"curies":[{"name":"wp","href":"https:\/\/api.w.org\/{rel}","templated":true}]}}