{"id":34026,"date":"2025-06-23T14:33:37","date_gmt":"2025-06-23T12:33:37","guid":{"rendered":"https:\/\/bisbalpenedes.com\/web\/?p=34026"},"modified":"2025-06-23T14:33:37","modified_gmt":"2025-06-23T12:33:37","slug":"revetlles-amb-precacucio","status":"publish","type":"post","link":"https:\/\/bisbalpenedes.com\/web\/2025\/06\/23\/revetlles-amb-precacucio\/","title":{"rendered":"Revetlles amb precacuci\u00f3"},"content":{"rendered":"\n<p>Des de l&#8217;Ajuntament de la Bisbal del Pened\u00e8s us demanem, un any m\u00e9s, que tingueu precauci\u00f3 durant la revetlla.<br>Cal recordar que no es poden tirar coets ni focs d&#8217;artifici a menys de 500 metres del bosc. En cas de detectar persones que infringeixin aquesta norma, aviseu els Mossos d&#8217;Esquadra.<br>Aqu\u00ed us deixem algunes recomanacions i consells per a la revetlla.<\/p>\n\n\n\n<hr class=\"wp-block-separator has-alpha-channel-opacity\"\/>\n\n\n\n<p>Desde el Ajuntament de la Bisbal del Pened\u00e8s os pedimos, un a\u00f1o m\u00e1s, que teng\u00e1is precauci\u00f3n durante la verbena.<br>Cabe recordar que no se pueden tirar cohetes ni fuegos artificiales a menos de 500 metros del bosque. En caso de detectar personas que infrinjan esta norma, avisad a los Mossos d&#8217;Esquadra.<br>Aqu\u00ed os dejamos algunas recomendaciones y consejos para la verbena.<\/p>\n\n\n\n<p><\/p>\n\n\n\n<figure class=\"wp-block-image size-full\"><img loading=\"lazy\" width=\"1024\" height=\"768\" src=\"https:\/\/bisbalpenedes.com\/web\/wp-content\/uploads\/2025\/06\/Infografia-consells-fogueres-2025-CAT.png\" alt=\"\" class=\"wp-image-34028\" srcset=\"https:\/\/bisbalpenedes.com\/web\/wp-content\/uploads\/2025\/06\/Infografia-consells-fogueres-2025-CAT.png 1024w, https:\/\/bisbalpenedes.com\/web\/wp-content\/uploads\/2025\/06\/Infografia-consells-fogueres-2025-CAT-300x225.png 300w, https:\/\/bisbalpenedes.com\/web\/wp-content\/uploads\/2025\/06\/Infografia-consells-fogueres-2025-CAT-768x576.png 768w, https:\/\/bisbalpenedes.com\/web\/wp-content\/uploads\/2025\/06\/Infografia-consells-fogueres-2025-CAT-600x450.png 600w\" sizes=\"(max-width: 1024px) 100vw, 1024px\" \/><\/figure>\n\n\n\n<figure class=\"wp-block-image size-full\"><img loading=\"lazy\" width=\"1024\" height=\"768\" src=\"https:\/\/bisbalpenedes.com\/web\/wp-content\/uploads\/2025\/06\/Infografia-edat-i-dist\u2026ncia-petards-2025-CAT.png\" alt=\"\" class=\"wp-image-34029\" srcset=\"https:\/\/bisbalpenedes.com\/web\/wp-content\/uploads\/2025\/06\/Infografia-edat-i-dist\u2026ncia-petards-2025-CAT.png 1024w, https:\/\/bisbalpenedes.com\/web\/wp-content\/uploads\/2025\/06\/Infografia-edat-i-dist\u2026ncia-petards-2025-CAT-300x225.png 300w, https:\/\/bisbalpenedes.com\/web\/wp-content\/uploads\/2025\/06\/Infografia-edat-i-dist\u2026ncia-petards-2025-CAT-768x576.png 768w, https:\/\/bisbalpenedes.com\/web\/wp-content\/uploads\/2025\/06\/Infografia-edat-i-dist\u2026ncia-petards-2025-CAT-600x450.png 600w\" sizes=\"(max-width: 1024px) 100vw, 1024px\" \/><\/figure>\n\n\n\n<figure class=\"wp-block-image size-full\"><img loading=\"lazy\" width=\"750\" height=\"420\" src=\"https:\/\/bisbalpenedes.com\/web\/wp-content\/uploads\/2025\/06\/Hipersensibilitat-sensorial-revetlles-2025-CAT.png\" alt=\"\" class=\"wp-image-34030\" srcset=\"https:\/\/bisbalpenedes.com\/web\/wp-content\/uploads\/2025\/06\/Hipersensibilitat-sensorial-revetlles-2025-CAT.png 750w, https:\/\/bisbalpenedes.com\/web\/wp-content\/uploads\/2025\/06\/Hipersensibilitat-sensorial-revetlles-2025-CAT-300x168.png 300w, https:\/\/bisbalpenedes.com\/web\/wp-content\/uploads\/2025\/06\/Hipersensibilitat-sensorial-revetlles-2025-CAT-600x336.png 600w\" sizes=\"(max-width: 750px) 100vw, 750px\" \/><\/figure>\n","protected":false},"excerpt":{"rendered":"<p>Des de l&#8217;Ajuntament de la Bisbal del Pened\u00e8s us demanem, un any m\u00e9s, que tingueu precauci\u00f3 durant la revetlla.Cal recordar que no es poden tirar coets ni focs d&#8217;artifici a &hellip; <a href=\"https:\/\/bisbalpenedes.com\/web\/2025\/06\/23\/revetlles-amb-precacucio\/\" class=\"more-link\">Read More<\/a><\/p>\n","protected":false},"author":4,"featured_media":34027,"comment_status":"closed","ping_status":"closed","sticky":false,"template":"","format":"standard","meta":[],"categories":[8],"tags":[459,551,393,1374,555,556,7093,537],"_links":{"self":[{"href":"https:\/\/bisbalpenedes.com\/web\/wp-json\/wp\/v2\/posts\/34026"}],"collection":[{"href":"https:\/\/bisbalpenedes.com\/web\/wp-json\/wp\/v2\/posts"}],"about":[{"href":"https:\/\/bisbalpenedes.com\/web\/wp-json\/wp\/v2\/types\/post"}],"author":[{"embeddable":true,"href":"https:\/\/bisbalpenedes.com\/web\/wp-json\/wp\/v2\/users\/4"}],"replies":[{"embeddable":true,"href":"https:\/\/bisbalpenedes.com\/web\/wp-json\/wp\/v2\/comments?post=34026"}],"version-history":[{"count":1,"href":"https:\/\/bisbalpenedes.com\/web\/wp-json\/wp\/v2\/posts\/34026\/revisions"}],"predecessor-version":[{"id":34031,"href":"https:\/\/bisbalpenedes.com\/web\/wp-json\/wp\/v2\/posts\/34026\/revisions\/34031"}],"wp:featuredmedia":[{"embeddable":true,"href":"https:\/\/bisbalpenedes.com\/web\/wp-json\/wp\/v2\/media\/34027"}],"wp:attachment":[{"href":"https:\/\/bisbalpenedes.com\/web\/wp-json\/wp\/v2\/media?parent=34026"}],"wp:term":[{"taxonomy":"category","embeddable":true,"href":"https:\/\/bisbalpenedes.com\/web\/wp-json\/wp\/v2\/categories?post=34026"},{"taxonomy":"post_tag","embeddable":true,"href":"https:\/\/bisbalpenedes.com\/web\/wp-json\/wp\/v2\/tags?post=34026"}],"curies":[{"name":"wp","href":"https:\/\/api.w.org\/{rel}","templated":true}]}}