{"id":34022,"date":"2025-06-23T14:17:58","date_gmt":"2025-06-23T12:17:58","guid":{"rendered":"https:\/\/bisbalpenedes.com\/web\/?p=34022"},"modified":"2025-06-23T14:17:58","modified_gmt":"2025-06-23T12:17:58","slug":"horari-destiu-de-les-oficines-municipals","status":"publish","type":"post","link":"https:\/\/bisbalpenedes.com\/web\/2025\/06\/23\/horari-destiu-de-les-oficines-municipals\/","title":{"rendered":"Horari d&#8217;estiu de les oficines municipals"},"content":{"rendered":"\n<p>Avui ha comen\u00e7at l&#8217;horari d&#8217;estiu de l&#8217;Ajuntament de la Bisbal del Pened\u00e8s.<\/p>\n\n\n\n<hr class=\"wp-block-separator has-alpha-channel-opacity\"\/>\n\n\n\n<p>Hoy ha empezado el horario de verano del Ajuntament de la Bisbal del Pened\u00e8s<\/p>\n\n\n\n<p><\/p>\n","protected":false},"excerpt":{"rendered":"<p>Avui ha comen\u00e7at l&#8217;horari d&#8217;estiu de l&#8217;Ajuntament de la Bisbal del Pened\u00e8s. Hoy ha empezado el horario de verano del Ajuntament de la Bisbal del Pened\u00e8s<\/p>\n","protected":false},"author":4,"featured_media":34023,"comment_status":"closed","ping_status":"closed","sticky":false,"template":"","format":"standard","meta":[],"categories":[2402,8],"tags":[109,393],"_links":{"self":[{"href":"https:\/\/bisbalpenedes.com\/web\/wp-json\/wp\/v2\/posts\/34022"}],"collection":[{"href":"https:\/\/bisbalpenedes.com\/web\/wp-json\/wp\/v2\/posts"}],"about":[{"href":"https:\/\/bisbalpenedes.com\/web\/wp-json\/wp\/v2\/types\/post"}],"author":[{"embeddable":true,"href":"https:\/\/bisbalpenedes.com\/web\/wp-json\/wp\/v2\/users\/4"}],"replies":[{"embeddable":true,"href":"https:\/\/bisbalpenedes.com\/web\/wp-json\/wp\/v2\/comments?post=34022"}],"version-history":[{"count":1,"href":"https:\/\/bisbalpenedes.com\/web\/wp-json\/wp\/v2\/posts\/34022\/revisions"}],"predecessor-version":[{"id":34024,"href":"https:\/\/bisbalpenedes.com\/web\/wp-json\/wp\/v2\/posts\/34022\/revisions\/34024"}],"wp:featuredmedia":[{"embeddable":true,"href":"https:\/\/bisbalpenedes.com\/web\/wp-json\/wp\/v2\/media\/34023"}],"wp:attachment":[{"href":"https:\/\/bisbalpenedes.com\/web\/wp-json\/wp\/v2\/media?parent=34022"}],"wp:term":[{"taxonomy":"category","embeddable":true,"href":"https:\/\/bisbalpenedes.com\/web\/wp-json\/wp\/v2\/categories?post=34022"},{"taxonomy":"post_tag","embeddable":true,"href":"https:\/\/bisbalpenedes.com\/web\/wp-json\/wp\/v2\/tags?post=34022"}],"curies":[{"name":"wp","href":"https:\/\/api.w.org\/{rel}","templated":true}]}}