{"id":34008,"date":"2025-06-20T20:17:45","date_gmt":"2025-06-20T18:17:45","guid":{"rendered":"https:\/\/bisbalpenedes.com\/web\/?p=34008"},"modified":"2025-06-20T20:17:45","modified_gmt":"2025-06-20T18:17:45","slug":"avui-la-facana-de-lajuntament-sillumina-de-color-taronja-amb-motiu-del-dia-internacional-de-la-fshd","status":"publish","type":"post","link":"https:\/\/bisbalpenedes.com\/web\/2025\/06\/20\/avui-la-facana-de-lajuntament-sillumina-de-color-taronja-amb-motiu-del-dia-internacional-de-la-fshd\/","title":{"rendered":"Avui la fa\u00e7ana de l&#8217;Ajuntament s&#8217;il\u00b7lumina de color taronja amb motiu del dia internacional de la FSHD"},"content":{"rendered":"\n<p>Avui \u00e9s el dia internacional de la Distr\u00f2fia f\u00e0cioescapulohumeral (FSHD), una malaltia neuromuscular d&#8217;origen gen\u00e8tic que es caracteritza per la debilitat muscular progressiva, principalment dels m\u00fasculs de la cara, espatlles i bra\u00e7os.<br>Amb motiu d&#8217;aquesta commemoraci\u00f3, ara al vespre l&#8217;Ajuntament s&#8217;il\u00b7luminar\u00e0 de color taronja.<br>Podeu trobar m\u00e9s informaci\u00f3 sobre aquesta malaltia a l&#8217;enlla\u00e7: <a href=\"https:\/\/fshd-spain.org\/\">https:\/\/fshd-spain.org\/<\/a><\/p>\n\n\n\n<hr class=\"wp-block-separator has-alpha-channel-opacity\"\/>\n\n\n\n<p><strong>CASTELLANO | <\/strong>Hoy es el d\u00eda internacional de la Distrofia Muscular Facioescapulohumeral (FSHD), una enfermedad neuromuscular de origen gen\u00e9tico, que caracterizada por debilidad muscular progresiva principalmente de los m\u00fasculos de cara, hombros y brazos.<br>Con motivo de esta conmemoraci\u00f3n, ahora al anochecer el Ayuntamiento se iluminar\u00e1 de color naranja.<br>Pod\u00e9is encontrar m\u00e1s informaci\u00f3n sobre esta enfermedad en el enlace: <a href=\"https:\/\/fshd-spain.org\/\">https:\/\/fshd-spain.org\/<\/a><\/p>\n","protected":false},"excerpt":{"rendered":"<p>Avui \u00e9s el dia internacional de la Distr\u00f2fia f\u00e0cioescapulohumeral (FSHD), una malaltia neuromuscular d&#8217;origen gen\u00e8tic que es caracteritza per la debilitat muscular progressiva, principalment dels m\u00fasculs de la cara, espatlles &hellip; <a href=\"https:\/\/bisbalpenedes.com\/web\/2025\/06\/20\/avui-la-facana-de-lajuntament-sillumina-de-color-taronja-amb-motiu-del-dia-internacional-de-la-fshd\/\" class=\"more-link\">Read More<\/a><\/p>\n","protected":false},"author":4,"featured_media":34009,"comment_status":"closed","ping_status":"closed","sticky":false,"template":"","format":"standard","meta":[],"categories":[8,14],"tags":[459,7092,393],"_links":{"self":[{"href":"https:\/\/bisbalpenedes.com\/web\/wp-json\/wp\/v2\/posts\/34008"}],"collection":[{"href":"https:\/\/bisbalpenedes.com\/web\/wp-json\/wp\/v2\/posts"}],"about":[{"href":"https:\/\/bisbalpenedes.com\/web\/wp-json\/wp\/v2\/types\/post"}],"author":[{"embeddable":true,"href":"https:\/\/bisbalpenedes.com\/web\/wp-json\/wp\/v2\/users\/4"}],"replies":[{"embeddable":true,"href":"https:\/\/bisbalpenedes.com\/web\/wp-json\/wp\/v2\/comments?post=34008"}],"version-history":[{"count":1,"href":"https:\/\/bisbalpenedes.com\/web\/wp-json\/wp\/v2\/posts\/34008\/revisions"}],"predecessor-version":[{"id":34010,"href":"https:\/\/bisbalpenedes.com\/web\/wp-json\/wp\/v2\/posts\/34008\/revisions\/34010"}],"wp:featuredmedia":[{"embeddable":true,"href":"https:\/\/bisbalpenedes.com\/web\/wp-json\/wp\/v2\/media\/34009"}],"wp:attachment":[{"href":"https:\/\/bisbalpenedes.com\/web\/wp-json\/wp\/v2\/media?parent=34008"}],"wp:term":[{"taxonomy":"category","embeddable":true,"href":"https:\/\/bisbalpenedes.com\/web\/wp-json\/wp\/v2\/categories?post=34008"},{"taxonomy":"post_tag","embeddable":true,"href":"https:\/\/bisbalpenedes.com\/web\/wp-json\/wp\/v2\/tags?post=34008"}],"curies":[{"name":"wp","href":"https:\/\/api.w.org\/{rel}","templated":true}]}}