{"id":33992,"date":"2025-06-20T07:47:04","date_gmt":"2025-06-20T05:47:04","guid":{"rendered":"https:\/\/bisbalpenedes.com\/web\/?p=33992"},"modified":"2025-06-20T07:48:06","modified_gmt":"2025-06-20T05:48:06","slug":"piscina-municipal-2025","status":"publish","type":"post","link":"https:\/\/bisbalpenedes.com\/web\/2025\/06\/20\/piscina-municipal-2025\/","title":{"rendered":""},"content":{"rendered":"\n<p>El pr\u00f2xim dilluns 23 de juny comencem temporada de piscina a la Bisbal!<br>L&#8217;horari ser\u00e0 d&#8217;11 a 20h i el preu de les entrades de 3\u20ac.<\/p>\n\n\n\n<p>Els tiquets i abonaments de 10 o 30 entrades ja es poden adquirir de forma presencial a l&#8217;Ajuntament de la Bisbal del Pened\u00e8s i al web <a rel=\"noreferrer noopener\" href=\"https:\/\/l.facebook.com\/l.php?u=http%3A%2F%2Fwww.bisbalpenedes.com%2Fweb%2Fbotiga%3Ffbclid%3DIwZXh0bgNhZW0CMTAAYnJpZBEwczdlNXUxQnZnT0Y3d1VVRwEeBmpoAKpiRlu2qu8FrFnvgaLIkSsBJmmcBnd44BvfB4Dd6w2OcjnMGMzr1mw_aem_b906EHSpHHGcH_UrO5NwGQ&amp;h=AT2WauOl4UCi6HYybw6PpMgWXwjCud0DwpnETAoqnaPHnv1DAFKTeLyM8ncMmtAvVCYf3wO1PBWKYjFAowRzaKkgZtg5UycObGpxBBCIHTZB1AFr6VjWYRLxcMw7ikOxYIXXOuTVPPAaasIS2PhtFQ&amp;__tn__=-UK-R&amp;c[0]=AT2sMUtHfmIYL7Rt8Pn2g2oVsyz78czeI3tESt2nvNgSBwnS38fWLwdooNncKZp3mIJkL__FRBhaiLnEyhWW0Vc6EaY5Olhv1sMzr0KGpHzCw53Lqug67Ezcd0USDlcehGNojilYVRjPzgJA2Lt9IEJj-HZy4aYwU7q0U-OLAMURYPUDUJE-4z9PjQGAMwPG1HKfjRJE-LCzNjgkjIgCsZjvamru\" target=\"_blank\">www.bisbalpenedes.com\/web\/botiga<\/a><\/p>\n\n\n\n<p>Els tiquets del 2024 es podran utilitzar fins al 7 de juliol<\/p>\n\n\n\n<p><img loading=\"lazy\" height=\"16\" width=\"16\" src=\"https:\/\/static.xx.fbcdn.net\/images\/emoji.php\/v9\/t10\/2\/16\/1f6ad.png\" alt=\"\ud83d\udead\"> <strong>La piscina municipal \u00e9s un espai lliure de fum<\/strong> i, per tant, no es podr\u00e0 fumar en tot el recinte.<\/p>\n\n\n\n<p>ATENCI\u00d3 <img loading=\"lazy\" height=\"16\" width=\"16\" alt=\"\u203c\ufe0f\" src=\"https:\/\/static.xx.fbcdn.net\/images\/emoji.php\/v9\/tf8\/2\/16\/203c.png\"> | Durant les nits s&#8217;apliquen productes a la piscina i l&#8217;aigua no \u00e9s apta per al bany. Per aquest motiu, advertim que l&#8217;Ajuntament de la Bisbal del Pened\u00e8s no es fa responsable dels danys que puguin patir aquelles persones que accedeixin a les instal\u00b7lacions fora de l&#8217;horari d&#8217;obertura.<\/p>\n\n\n\n<p><img loading=\"lazy\" height=\"16\" width=\"16\" alt=\"\u26a0\ufe0f\" src=\"https:\/\/static.xx.fbcdn.net\/images\/emoji.php\/v9\/t5d\/2\/16\/26a0.png\">D&#8217;altra banda, l&#8217;equipament de la piscina compta amb c\u00e0meres de videovigil\u00e0ncia i hi ha connexi\u00f3 directa amb Mossos d&#8217;Esquadra. Qualsevol acte vand\u00e0lic o acc\u00e9s no autoritzat a la piscina podr\u00e0 ser sancionat amb imports d&#8217;entre 300\u20ac i 30.000\u20ac. En cas de menors d&#8217;edat, els progenitors hauran de respondre davant la just\u00edcia.<\/p>\n\n\n\n<hr class=\"wp-block-separator has-alpha-channel-opacity\"\/>\n\n\n\n<p><img loading=\"lazy\" height=\"16\" width=\"16\" src=\"https:\/\/static.xx.fbcdn.net\/images\/emoji.php\/v9\/tf1\/2\/16\/1f3ca_1f3fb_200d_2640.png\" alt=\"\ud83c\udfca\ud83c\udffb\u200d\u2640\ufe0f\">El pr\u00f3ximo lunes 23 de junio empezamos temporada de piscina en la Bisbal!<\/p>\n\n\n\n<p>El horario ser\u00e1 de 11 a 20h y el precio de las entradas de 3\u20ac.<img loading=\"lazy\" height=\"16\" width=\"16\" src=\"https:\/\/static.xx.fbcdn.net\/images\/emoji.php\/v9\/t85\/2\/16\/1f570.png\" alt=\"\ud83d\udd70\ufe0f\"><\/p>\n\n\n\n<p>Los tiques y bonos de 10 y 30 entradas ya se pueden adquirir de forma presencial en el Ajuntament de la Bisbal del Pened\u00e8s y en la web <a rel=\"noreferrer noopener\" href=\"http:\/\/www.bisbalpenedes.com\/web\/botiga?fbclid=IwZXh0bgNhZW0CMTAAYnJpZBEwczdlNXUxQnZnT0Y3d1VVRwEeIJhDZN4K9f-5nx0ti_Qi8ji5p2x0Ad15jrLRCrB_tzOHQyeFRyGbHRFb_tM_aem_0V6uoNcrzc2w57yu9eEd3w\" target=\"_blank\">www.bisbalpenedes.com\/web\/botiga<\/a><\/p>\n\n\n\n<p>Los tiques del 2024 se podr\u00e1n utilizar hasta el 7 de julio<\/p>\n\n\n\n<p><img loading=\"lazy\" height=\"16\" width=\"16\" src=\"https:\/\/static.xx.fbcdn.net\/images\/emoji.php\/v9\/t10\/2\/16\/1f6ad.png\" alt=\"\ud83d\udead\"><strong>La piscina municipal es un espacio libre de humo<\/strong> y, por tanto, no se podr\u00e1 fumar en todo el recinto.<\/p>\n\n\n\n<p>ATENCI\u00d3N <img loading=\"lazy\" height=\"16\" width=\"16\" alt=\"\u203c\ufe0f\" src=\"https:\/\/static.xx.fbcdn.net\/images\/emoji.php\/v9\/tf8\/2\/16\/203c.png\"> | Durante las noches se aplican productos en la piscina y el agua no es apta para el ba\u00f1o. Por este motivo, advertimos de que el Ajuntament de la Bisbal del Pened\u00e8s no se hace responsable de los da\u00f1os que puedan sufrir aquellas personas que accedan a las instalaciones fuera del horario de apertura.<\/p>\n\n\n\n<p><img loading=\"lazy\" height=\"16\" width=\"16\" alt=\"\u26a0\ufe0f\" src=\"https:\/\/static.xx.fbcdn.net\/images\/emoji.php\/v9\/t5d\/2\/16\/26a0.png\">Por otro lado, el equipamiento de la piscina cuenta con c\u00e1maras de videovigilancia y hay conexi\u00f3n directa con Mossos d&#8217;Esquadra. Cualquier acto vand\u00e1lico o acceso no autorizado a la piscina podr\u00e1 ser sancionado con importes de entre 300\u20ac y 30.000\u20ac. En caso de menores de edad, los progenitores deber\u00e1n responder ante la justicia.<\/p>\n\n\n\n<figure class=\"wp-block-image size-full\"><img loading=\"lazy\" width=\"700\" height=\"870\" src=\"https:\/\/bisbalpenedes.com\/web\/wp-content\/uploads\/2025\/06\/image.jpeg\" alt=\"\" class=\"wp-image-33993\" srcset=\"https:\/\/bisbalpenedes.com\/web\/wp-content\/uploads\/2025\/06\/image.jpeg 700w, https:\/\/bisbalpenedes.com\/web\/wp-content\/uploads\/2025\/06\/image-241x300.jpeg 241w, https:\/\/bisbalpenedes.com\/web\/wp-content\/uploads\/2025\/06\/image-600x746.jpeg 600w\" sizes=\"(max-width: 700px) 100vw, 700px\" \/><\/figure>\n","protected":false},"excerpt":{"rendered":"<p>El pr\u00f2xim dilluns 23 de juny comencem temporada de piscina a la Bisbal!L&#8217;horari ser\u00e0 d&#8217;11 a 20h i el preu de les entrades de 3\u20ac. Els tiquets i abonaments de &hellip; <a href=\"https:\/\/bisbalpenedes.com\/web\/2025\/06\/20\/piscina-municipal-2025\/\" class=\"more-link\">Read More<\/a><\/p>\n","protected":false},"author":4,"featured_media":33994,"comment_status":"closed","ping_status":"closed","sticky":false,"template":"","format":"standard","meta":[],"categories":[19,8],"tags":[1945,538,393,74,266],"_links":{"self":[{"href":"https:\/\/bisbalpenedes.com\/web\/wp-json\/wp\/v2\/posts\/33992"}],"collection":[{"href":"https:\/\/bisbalpenedes.com\/web\/wp-json\/wp\/v2\/posts"}],"about":[{"href":"https:\/\/bisbalpenedes.com\/web\/wp-json\/wp\/v2\/types\/post"}],"author":[{"embeddable":true,"href":"https:\/\/bisbalpenedes.com\/web\/wp-json\/wp\/v2\/users\/4"}],"replies":[{"embeddable":true,"href":"https:\/\/bisbalpenedes.com\/web\/wp-json\/wp\/v2\/comments?post=33992"}],"version-history":[{"count":1,"href":"https:\/\/bisbalpenedes.com\/web\/wp-json\/wp\/v2\/posts\/33992\/revisions"}],"predecessor-version":[{"id":33995,"href":"https:\/\/bisbalpenedes.com\/web\/wp-json\/wp\/v2\/posts\/33992\/revisions\/33995"}],"wp:featuredmedia":[{"embeddable":true,"href":"https:\/\/bisbalpenedes.com\/web\/wp-json\/wp\/v2\/media\/33994"}],"wp:attachment":[{"href":"https:\/\/bisbalpenedes.com\/web\/wp-json\/wp\/v2\/media?parent=33992"}],"wp:term":[{"taxonomy":"category","embeddable":true,"href":"https:\/\/bisbalpenedes.com\/web\/wp-json\/wp\/v2\/categories?post=33992"},{"taxonomy":"post_tag","embeddable":true,"href":"https:\/\/bisbalpenedes.com\/web\/wp-json\/wp\/v2\/tags?post=33992"}],"curies":[{"name":"wp","href":"https:\/\/api.w.org\/{rel}","templated":true}]}}