{"id":33946,"date":"2025-06-16T18:25:14","date_gmt":"2025-06-16T16:25:14","guid":{"rendered":"https:\/\/bisbalpenedes.com\/web\/?p=33946"},"modified":"2025-06-16T19:20:48","modified_gmt":"2025-06-16T17:20:48","slug":"el-passat-29-dabril-es-va-celebrar-un-ple-extraordinari-a-lajuntament-de-la-bisbal-del-penedes","status":"publish","type":"post","link":"https:\/\/bisbalpenedes.com\/web\/2025\/06\/16\/el-passat-29-dabril-es-va-celebrar-un-ple-extraordinari-a-lajuntament-de-la-bisbal-del-penedes\/","title":{"rendered":"El passat 29 d&#8217;abril es va celebrar un Ple extraordinari a l&#8217;Ajuntament de la Bisbal del Pened\u00e8s"},"content":{"rendered":"\n<p>El passat dimarts 29 d&#8217;abril es va celebrar un Ple extraordinari a l&#8217;Ajuntament de la Bisbal del Pened\u00e8s. A l&#8217;inici del Ple es va excusar la pres\u00e8ncia dels regidors Jaume Valls (La Bisbal Decideix) i Ra\u00fal Cort\u00e9s (Tots som la Bisbal &#8211; Urbanizaciones Unidas).<\/p>\n\n\n\n<p><strong>PART RESOLUTIVA<\/strong><\/p>\n\n\n\n<p><strong>Punt 1. Presa de possessi\u00f3 del regidor d&#8217;ERC, Xavier Faura Burgos.<\/strong><\/p>\n\n\n\n<p>El Sr. Xavier Faura, n\u00famero 2 d&#8217;ERC a les eleccions municipals del 2023, va prendre possessi\u00f3 del c\u00e0rrec de regidor.<\/p>\n\n\n\n<figure class=\"wp-block-image size-large is-resized is-style-rounded\"><img loading=\"lazy\" src=\"https:\/\/bisbalpenedes.com\/web\/wp-content\/uploads\/2025\/06\/WEBFOTO_FAURA_25-813x1024.jpg\" alt=\"\" class=\"wp-image-33903\" width=\"265\" height=\"334\" srcset=\"https:\/\/bisbalpenedes.com\/web\/wp-content\/uploads\/2025\/06\/WEBFOTO_FAURA_25-813x1024.jpg 813w, https:\/\/bisbalpenedes.com\/web\/wp-content\/uploads\/2025\/06\/WEBFOTO_FAURA_25-238x300.jpg 238w, https:\/\/bisbalpenedes.com\/web\/wp-content\/uploads\/2025\/06\/WEBFOTO_FAURA_25-768x967.jpg 768w, https:\/\/bisbalpenedes.com\/web\/wp-content\/uploads\/2025\/06\/WEBFOTO_FAURA_25-1220x1536.jpg 1220w, https:\/\/bisbalpenedes.com\/web\/wp-content\/uploads\/2025\/06\/WEBFOTO_FAURA_25-1627x2048.jpg 1627w, https:\/\/bisbalpenedes.com\/web\/wp-content\/uploads\/2025\/06\/WEBFOTO_FAURA_25-600x755.jpg 600w, https:\/\/bisbalpenedes.com\/web\/wp-content\/uploads\/2025\/06\/WEBFOTO_FAURA_25-scaled.jpg 2033w\" sizes=\"(max-width: 265px) 100vw, 265px\" \/><figcaption><sup>Xavier Faura, regidor d&#8217;ERC a la Bisbal del Pened\u00e8s<\/sup><\/figcaption><\/figure>\n\n\n\n<p>Podeu consultar el detall aquest v\u00eddeo: <a href=\"https:\/\/actes.bisbalpenedes.com\/session\/sessionDetail\/8a8180889655f26a01966bece0610002?startAt=10.0&amp;endsAt=75.0\">https:\/\/actes.bisbalpenedes.com\/session\/sessionDetail\/8a8180889655f26a01966bece0610002?startAt=10.0&amp;endsAt=75.0<\/a><\/p>\n\n\n\n<p><strong>Punt 2. Aprovaci\u00f3 del Pla econ\u00f2mic financer 2025\/26<\/strong><\/p>\n\n\n\n<p>Es va aprovar amb els vots a favor de Comprom\u00eds amb la Bisbal (5) i PSC (1), els vots en contra de Tots som la Bisbal (1) i la Bisbal decideix (1) i l&#8217;abstenci\u00f3 d&#8217;ERC (1).<\/p>\n\n\n\n<p>La liquidaci\u00f3 del pressupost de l&#8217;exercici 2024 no compleix amb l&#8217;objectiu d&#8217;estabilitat pressupost\u00e0ria i s&#8217;ha aprovat el Pla econ\u00f2mic financer per als anys 2025 i 2026, que cont\u00e9 els punts clau que s&#8217;han d&#8217;analitzar per assolir el compliment dels objectius d&#8217;estabilitat pressupost\u00e0ria, regla de la despesa i deute p\u00fablic. S&#8217;ha dissenyat tenint en compte els seg\u00fcents punts:<\/p>\n\n\n\n<ul><li>Es determinen i quantifiquen les causes que han provocat l&#8217;incompliment de l&#8217;objectiu d&#8217;estabilitat pressupost\u00e0ria.<\/li><li>Incorpora una previsi\u00f3 futura per a aquest any i el 2026, assolint els objectius d&#8217;estabilitat pressupost\u00e0ria i de deute p\u00fablic i complint amb la regla de la despesa en l&#8217;any 2026.<\/li><li>Mesures: \u00c9s on s&#8217;han de descriure i quantificar les mesures correctores a adoptar. En aquest cas, no s&#8217;ha d&#8217;aplicar cap mesura correctora, ja que es tracta d&#8217;un incompliment ocasionat per unes despeses d&#8217;inversi\u00f3, concretament, l&#8217;increment de despesa per inversi\u00f3 de 2024 derivada de la utilitzaci\u00f3 del romanent de tresoreria i d&#8217;ingressos afectats pel finan\u00e7ament de diverses actuacions d&#8217;inversi\u00f3.<br><br>Podeu consultar el detall aquest v\u00eddeo: <a rel=\"noreferrer noopener\" href=\"https:\/\/actes.bisbalpenedes.com\/session\/sessionDetail\/8a8180889655f26a01966bece0610002?startAt=75.0&amp;endsAt=650.0\" target=\"_blank\">https:\/\/actes.bisbalpenedes.com\/session\/sessionDetail\/8a8180889655f26a01966bece0610002?startAt=75.0&amp;endsAt=650.0<\/a><\/li><\/ul>\n\n\n\n<p><strong>Punt 3.-Aprovar el reconeixement de les obligacions de despeses indegudament adquirides.<\/strong><\/p>\n\n\n\n<p>Es va aprovar amb els vots a favor de Comprom\u00eds amb la Bisbal (5) i PSC (1), els vots en contra de La Bisbal decideix (1) i les abstencions de Tots som la Bisbal  (1) i ERC-AM (1).<\/p>\n\n\n\n<p>S&#8217;aprova aquest reconeixement extrajudicial de cr\u00e8dit de factures per un total de 84.296,53\u20ac de serveis o adquisicions realitzades enguany per\u00f2 amb algunes defici\u00e8ncies de la tramitaci\u00f3. Hi ha saldo suficient per fer-hi front.<\/p>\n\n\n\n<p>Podeu consultar el detall aquest v\u00eddeo: <a href=\"https:\/\/actes.bisbalpenedes.com\/session\/sessionDetail\/8a8180889655f26a01966bece0610002?startAt=650.0&amp;endsAt=1480.0\">https:\/\/actes.bisbalpenedes.com\/session\/sessionDetail\/8a8180889655f26a01966bece0610002?startAt=650.0&amp;endsAt=1480.0<\/a><\/p>\n\n\n\n<p><strong>Punt 4. Aprovaci\u00f3 inicial de l&#8217;expedient de modificaci\u00f3 de cr\u00e8dit 1PLE\/2025<\/strong><\/p>\n\n\n\n<p>Es va aprovar amb els vots a favor de Comprom\u00eds (5) i PSC (1), el vot en contra de Tots som la Bisbal (1) i les abstencions de La Bisbal decideix (1) i ERC (1).<\/p>\n\n\n\n<p>S&#8217;aprova inicialment l&#8217;expedient de modificaci\u00f3 de cr\u00e8dits 1PLE\/2025 per un import de 541.221,32\u20ac en la modalitat de suplement de cr\u00e8dit i cr\u00e8dit extraordinari. Aquest import prov\u00e9 del romanent de tresoreria de la liquidaci\u00f3 de l&#8217;exercici 2024.<\/p>\n\n\n\n<p>Podeu consultar el detall  aquest v\u00eddeo: <a href=\"https:\/\/actes.bisbalpenedes.com\/session\/sessionDetail\/8a8180889655f26a01966bece0610002?startAt=1480.0&amp;endsAt=2435.0\">https:\/\/actes.bisbalpenedes.com\/session\/sessionDetail\/8a8180889655f26a01966bece0610002?startAt=1480.0&amp;endsAt=2435.0<\/a><\/p>\n\n\n\n<p><strong>Punt 5. Aprovar definitivament la modificaci\u00f3 de l&#8217;ordenan\u00e7a fiscal reguladora del servei de recollida de residus dom\u00e8stics i comercials<\/strong><\/p>\n\n\n\n<p>Es va aprovar amb els vots a favor de Comprom\u00eds amb la Bisbal (5) i el PSC (1), els vots en contra de Tots som la Bisbal (1) i la Bisbal decideix (1) i l&#8217;abstenci\u00f3 d&#8217;ERC.<br>El Ple del 7 de novembre de 2024 va aprovar provisionalment la modificaci\u00f3 de l&#8217;ordenan\u00e7a fiscal reguladora del servei de recollida de residus dom\u00e8stics i comercials per a l&#8217;exercici 2025 que s&#8217;aplicar\u00e0 l&#8217;any 2026.<\/p>\n\n\n\n<p>L&#8217;acord provisional es va sotmetre a exposici\u00f3 p\u00fablica i, durant aquest per\u00edode, s&#8217;han presentat  al\u00b7legacions i han em\u00e8s un informe desestimant-les, que \u00e9s l&#8217;informe en qu\u00e8 es basa l&#8217;equip de govern per desestimar aquestes al\u00b7legacions presentades.<\/p>\n\n\n\n<p>Podeu consultar el detall de les al\u00b7legacions en aquest v\u00eddeo: <a href=\"https:\/\/actes.bisbalpenedes.com\/session\/sessionDetail\/8a8180889655f26a01966bece0610002?startAt=2435.0&amp;endsAt=3785.0\" target=\"_blank\" rel=\"noreferrer noopener\">https:\/\/actes.bisbalpenedes.com\/session\/sessionDetail\/8a8180889655f26a01966bece0610002?startAt=2435.0&amp;endsAt=3785.0<\/a><\/p>\n\n\n\n<p><strong>Punt 6. Aprovar l&#8217;enc\u00e0rrec de gesti\u00f3 i el conveni del projecte &#8220;Xarxa d&#8217;autocaravanes del Baix Pened\u00e8s, en l&#8217;\u00e0mbit del turisme 2024\/25&#8221;.<\/strong><\/p>\n\n\n\n<p>Es va aprovar amb els vots a favor de Comprom\u00eds (5), el PSC (1) i ERC (1) i els vots en contra de Tots som la Bisbal (1) i La Bisbal Decideix (1).<\/p>\n\n\n\n<p>Fa m\u00e9s de 4 anys que es treballa per tenir una \u00e0rea d&#8217;autocaravanes a la Bisbal del Pened\u00e8s, a trav\u00e9s d&#8217;un projecte comarcal que t\u00e9 com a objectiu la creaci\u00f3 d&#8217;una ruta a la comarca per captar aquest tipus de turisme i contribuir a desestacionalitzar l&#8217;oferta tur\u00edstica comarcal.<\/p>\n\n\n\n<p>El 2021, a trav\u00e9s del Consell Comarcal del Baix Pened\u00e8s, es va impulsar el projecte &#8220;Xarxa d&#8217;autocaravanes del Baix Pened\u00e8s&#8221;, que comptava amb una subvenci\u00f3 nominativa de la Diputaci\u00f3 de Tarragona de 56.000\u20ac. <\/p>\n\n\n\n<p>El Ple de setembre de 2022 l&#8217;Ajuntament de la Bisbal del Pened\u00e8s va acordar l&#8217;enc\u00e0rrec de gesti\u00f3 al Consell Comarcal del Baix Pened\u00e8s del projecte &#8220;Xarxa d&#8217;Autocaravanes del Baix Pened\u00e8s&#8221;, mitjan\u00e7ant un conveni. Durant el 2022 es va redactar el projecte de la &#8220;Xarxa d&#8217;Autocaravanes el Baix Pened\u00e8s&#8221; i durant els anys 2023 i 2024 s&#8217;ha anat modificant tenint en compte les entrades i sortides d&#8217;alguns municipis en el projecte. Finalment, els municipis que formen part del projecte s\u00f3n Albinyana, la Bisbal del Pened\u00e8s, Cunit i Sant Jaume dels Domenys. Amb aquest nou conveni, l&#8217;import a assumir per part de l&#8217;Ajuntament de la Bisbal \u00e9s de 1.394,81\u20ac. <\/p>\n\n\n\n<p>L&#8217;\u00e0rea d&#8217;autocaravanes a la Bisbal ser\u00e0 al mateix lloc on estava previst inicialment, a l&#8217;aparcament de la llar d&#8217;infants de l&#8217;avinguda Baix Pened\u00e8s i hi haur\u00e0 places per a dues autocaravanes. D&#8217;aquesta manera quedaran a prop del centre per tal d&#8217;afavorir el comer\u00e7 local.<\/p>\n\n\n\n<p>Podeu consultar el detall  aquest v\u00eddeo: <a rel=\"noreferrer noopener\" href=\"https:\/\/actes.bisbalpenedes.com\/session\/sessionDetail\/8a8180889655f26a01966bece0610002?startAt=3785.0&amp;endsAt=\" target=\"_blank\">https:\/\/actes.bisbalpenedes.com\/session\/sessionDetail\/8a8180889655f26a01966bece0610002?startAt=3785.0&amp;endsAt=<\/a><\/p>\n\n\n\n<hr class=\"wp-block-separator has-alpha-channel-opacity\"\/>\n\n\n\n<h2>CASTELLANO |  El pasado 29 de abril se celebr\u00f3 un Pleno extraordinario en el Ajuntament de la Bisbal del Pened\u00e8s.<\/h2>\n\n\n\n<p>Al inicio del Pleno se excus\u00f3 la presencia de los concejales Jaume Valls (La Bisbal Decideix) y Ra\u00fal Cort\u00e9s (Tots som la Bisbal \u2013 Urbanizaciones Unidas).<\/p>\n\n\n\n<p><strong>PARTE RESOLUTIVA<\/strong><\/p>\n\n\n\n<p><strong>Punto 1. Toma de posesi\u00f3n del concejal de ERC, Xavier Faura Burgos<\/strong><\/p>\n\n\n\n<p>El Sr. Xavier Faura, n\u00famero 2 de ERC en las elecciones municipales de 2023, tom\u00f3 posesi\u00f3n del cargo de concejal.<\/p>\n\n\n\n<figure class=\"wp-block-image size-large is-resized is-style-rounded\"><img loading=\"lazy\" src=\"https:\/\/bisbalpenedes.com\/web\/wp-content\/uploads\/2025\/06\/WEBFOTO_FAURA_25-813x1024.jpg\" alt=\"\" class=\"wp-image-33903\" width=\"265\" height=\"334\" srcset=\"https:\/\/bisbalpenedes.com\/web\/wp-content\/uploads\/2025\/06\/WEBFOTO_FAURA_25-813x1024.jpg 813w, https:\/\/bisbalpenedes.com\/web\/wp-content\/uploads\/2025\/06\/WEBFOTO_FAURA_25-238x300.jpg 238w, https:\/\/bisbalpenedes.com\/web\/wp-content\/uploads\/2025\/06\/WEBFOTO_FAURA_25-768x967.jpg 768w, https:\/\/bisbalpenedes.com\/web\/wp-content\/uploads\/2025\/06\/WEBFOTO_FAURA_25-1220x1536.jpg 1220w, https:\/\/bisbalpenedes.com\/web\/wp-content\/uploads\/2025\/06\/WEBFOTO_FAURA_25-1627x2048.jpg 1627w, https:\/\/bisbalpenedes.com\/web\/wp-content\/uploads\/2025\/06\/WEBFOTO_FAURA_25-600x755.jpg 600w, https:\/\/bisbalpenedes.com\/web\/wp-content\/uploads\/2025\/06\/WEBFOTO_FAURA_25-scaled.jpg 2033w\" sizes=\"(max-width: 265px) 100vw, 265px\" \/><figcaption><sup>Xavier Faura, concejal de ERC en la Bisbal del Pened\u00e8s<\/sup><\/figcaption><\/figure>\n\n\n\n<p>Pueden consultar el detalle en este v\u00eddeo: <a href=\"https:\/\/actes.bisbalpenedes.com\/session\/sessionDetail\/8a8180889655f26a01966bece0610002?startAt=10.0&amp;endsAt=75.0\" target=\"_blank\" rel=\"noreferrer noopener\">https:\/\/actes.bisbalpenedes.com\/session\/sessionDetail\/8a8180889655f26a01966bece0610002?startAt=10.0&amp;endsAt=75.0<\/a><\/p>\n\n\n\n<p><strong>Punto 2. Aprobaci\u00f3n del Plan econ\u00f3mico financiero 2025\/26<\/strong><\/p>\n\n\n\n<p>Se aprob\u00f3 con los votos a favor de Comprom\u00eds amb la Bisbal (5) y PSC (1), los votos en contra de Tots som la Bisbal (1) y la Bisbal decideix (1) y la abstenci\u00f3n de ERC (1).<\/p>\n\n\n\n<p>La liquidaci\u00f3n del presupuesto del ejercicio 2024 no cumple con el objetivo de estabilidad presupuestaria y se ha aprobado el Plan econ\u00f3mico financiero para los a\u00f1os 2025 y 2026, que contiene los puntos clave que se deben analizar para lograr el cumplimiento de los objetivos de estabilidad presupuestaria, regla del gasto y deuda p\u00fablica. Se ha dise\u00f1ado teniendo en cuenta los siguientes puntos:<\/p>\n\n\n\n<ul><li>Se determinan y cuantifican las causas que han provocado el incumplimiento del objetivo de estabilidad presupuestaria.<\/li><li>Incorpora una previsi\u00f3n futura para este a\u00f1o y 2026, alcanzando los objetivos de estabilidad presupuestaria y de deuda p\u00fablica y cumpliendo con la regla del gasto en el a\u00f1o 2026.<\/li><li>Medidas: Es donde se deben describir y cuantificar las medidas correctoras a adoptar. En este caso, no se debe aplicar ninguna medida correctora, ya que se trata de un incumplimiento ocasionado por unos gastos de inversi\u00f3n, concretamente, el incremento de gasto por inversi\u00f3n de 2024 derivado de la utilizaci\u00f3n del remanente de tesorer\u00eda y de ingresos afectados por el financiamiento de diversas actuaciones de inversi\u00f3n.<\/li><\/ul>\n\n\n\n<p>Pueden consultar el detalle en este v\u00eddeo: <a href=\"https:\/\/actes.bisbalpenedes.com\/session\/sessionDetail\/8a8180889655f26a01966bece0610002?startAt=75.0&amp;endsAt=650.0\">https:\/\/actes.bisbalpenedes.com\/session\/sessionDetail\/8a8180889655f26a01966bece0610002?startAt=75.0&amp;endsAt=650.0<\/a><\/p>\n\n\n\n<p><strong>Punto 3. Aprobar el reconocimiento de las obligaciones de gastos indebidamente adquiridas<\/strong><\/p>\n\n\n\n<p>Se aprob\u00f3 con los votos a favor de Comprom\u00eds amb la Bisbal (5) y PSC (1), los votos en contra de La Bisbal decideix (1) y las abstenciones de Tots som la Bisbal (1) y ERC-AM (1).<\/p>\n\n\n\n<p>Se aprueba este reconocimiento extrajudicial de cr\u00e9dito de facturas por un total de 84.296,53\u20ac de servicios o adquisiciones realizadas este a\u00f1o pero con algunas deficiencias en la tramitaci\u00f3n. Hay saldo suficiente para hacer frente a los mismos.<\/p>\n\n\n\n<p>Pueden consultar el detalle en este v\u00eddeo: <a href=\"https:\/\/actes.bisbalpenedes.com\/session\/sessionDetail\/8a8180889655f26a01966bece0610002?startAt=650.0&amp;endsAt=1480.0\" target=\"_blank\" rel=\"noreferrer noopener\">https:\/\/actes.bisbalpenedes.com\/session\/sessionDetail\/8a8180889655f26a01966bece0610002?startAt=650.0&amp;endsAt=1480.0<\/a><\/p>\n\n\n\n<p><strong>Punto 4. Aprobaci\u00f3n inicial del expediente de modificaci\u00f3n de cr\u00e9dito 1PLE\/2025<\/strong><\/p>\n\n\n\n<p>Se aprob\u00f3 con los votos a favor de Comprom\u00eds (5) y PSC (1), el voto en contra de Tots som la Bisbal (1) y las abstenciones de La Bisbal decideix (1) y ERC (1).<\/p>\n\n\n\n<p>Se aprueba inicialmente el expediente de modificaci\u00f3n de cr\u00e9ditos 1PLE\/2025 por un importe de 541.221,32\u20ac en la modalidad de suplemento de cr\u00e9dito y cr\u00e9dito extraordinario. Este importe proviene del remanente de tesorer\u00eda de la liquidaci\u00f3n del ejercicio 2024.<\/p>\n\n\n\n<p>Pueden consultar el detalle en este v\u00eddeo: <a href=\"https:\/\/actes.bisbalpenedes.com\/session\/sessionDetail\/8a8180889655f26a01966bece0610002?startAt=1480.0&amp;endsAt=2435.0\" target=\"_blank\" rel=\"noreferrer noopener\">https:\/\/actes.bisbalpenedes.com\/session\/sessionDetail\/8a8180889655f26a01966bece0610002?startAt=1480.0&amp;endsAt=2435.0<\/a><\/p>\n\n\n\n<p><strong>Punto 5. Aprobar definitivamente la modificaci\u00f3n de la ordenanza fiscal reguladora del servicio de recogida de residuos dom\u00e9sticos y comerciales<\/strong><\/p>\n\n\n\n<p>Se aprob\u00f3 con los votos a favor de Comprom\u00eds amb la Bisbal (5) y el PSC (1), los votos en contra de Tots som la Bisbal (1) y la Bisbal decideix (1) y la abstenci\u00f3n de ERC.<\/p>\n\n\n\n<p>El Pleno del 7 de noviembre de 2024 aprob\u00f3 provisionalmente la modificaci\u00f3n de la ordenanza fiscal reguladora del servicio de recogida de residuos dom\u00e9sticos y comerciales para el ejercicio 2025 que se aplicar\u00e1 en el a\u00f1o 2026.<\/p>\n\n\n\n<p>El acuerdo provisional se someti\u00f3 a exposici\u00f3n p\u00fablica y, durante este per\u00edodo, se han presentado alegaciones y han emitido un informe desestim\u00e1ndolas, que es el informe en el que se basa el equipo de gobierno para desestimar estas alegaciones presentadas.<\/p>\n\n\n\n<p>Pueden consultar el detalle de las alegaciones en este v\u00eddeo: <a href=\"https:\/\/actes.bisbalpenedes.com\/session\/sessionDetail\/8a8180889655f26a01966bece0610002?startAt=2435.0&amp;endsAt=3785.0\" target=\"_blank\" rel=\"noreferrer noopener\">https:\/\/actes.bisbalpenedes.com\/session\/sessionDetail\/8a8180889655f26a01966bece0610002?startAt=2435.0&amp;endsAt=3785.0<\/a><\/p>\n\n\n\n<p><strong>Punto 6. Aprobar el encargo de gesti\u00f3n y el convenio del proyecto &#8220;Red de autocaravanas del Baix Pened\u00e8s, en el \u00e1mbito del turismo 2024\/25&#8221;<\/strong><\/p>\n\n\n\n<p>Se aprob\u00f3 con los votos a favor de Comprom\u00eds (5), el PSC (1) y ERC (1) y los votos en contra de Tots som la Bisbal (1) y La Bisbal Decideix (1).<\/p>\n\n\n\n<p>Hace m\u00e1s de 4 a\u00f1os que se trabaja para tener un \u00e1rea de autocaravanas en la Bisbal del Pened\u00e8s, a trav\u00e9s de un proyecto comarcal que tiene como objetivo la creaci\u00f3n de una ruta en la comarca para captar este tipo de turismo y contribuir a desestacionalizar la oferta tur\u00edstica comarcal.<\/p>\n\n\n\n<p>En 2021, a trav\u00e9s del Consell Comarcal del Baix Pened\u00e8s, se impuls\u00f3 el proyecto &#8220;Red de autocaravanas del Baix Pened\u00e8s&#8221;, que contaba con una subvenci\u00f3n nominativa de la Diputaci\u00f3 de Tarragona de 56.000\u20ac.<\/p>\n\n\n\n<p>El Pleno de septiembre de 2022 el Ajuntament de la Bisbal del Pened\u00e8s acord\u00f3 el encargo de gesti\u00f3n al Consell Comarcal del Baix Pened\u00e8s del proyecto &#8220;Red de Autocaravanas del Baix Pened\u00e8s&#8221;, mediante un convenio. Durante 2022 se redact\u00f3 el proyecto de la &#8220;Red de Autocaravanas el Baix Pened\u00e8s&#8221; y durante los a\u00f1os 2023 y 2024 se ha ido modificando teniendo en cuenta las entradas y salidas de algunos municipios en el proyecto. Finalmente, los municipios que forman parte del proyecto son Albinyana, la Bisbal del Pened\u00e8s, Cunit y Sant Jaume dels Domenys. Con este nuevo convenio, el importe a asumir por parte del Ajuntament de la Bisbal es de 1.394,81\u20ac.<\/p>\n\n\n\n<p>El \u00e1rea de autocaravanas en la Bisbal estar\u00e1 en el mismo lugar donde estaba previsto inicialmente, en el aparcamiento del jard\u00edn de infancia de la avenida Baix Pened\u00e8s y habr\u00e1 plazas para dos autocaravanas. De esta manera quedar\u00e1n cerca del centro para favorecer el comercio local.<\/p>\n\n\n\n<p>Pueden consultar el detalle en este v\u00eddeo: <a href=\"https:\/\/actes.bisbalpenedes.com\/session\/sessionDetail\/8a8180889655f26a01966bece0610002?startAt=3785.0&amp;endsAt=\" target=\"_blank\" rel=\"noreferrer noopener\">https:\/\/actes.bisbalpenedes.com\/session\/sessionDetail\/8a8180889655f26a01966bece0610002?startAt=3785.0&amp;endsAt=<\/a><\/p>\n","protected":false},"excerpt":{"rendered":"<p>El passat dimarts 29 d&#8217;abril es va celebrar un Ple extraordinari a l&#8217;Ajuntament de la Bisbal del Pened\u00e8s. A l&#8217;inici del Ple es va excusar la pres\u00e8ncia dels regidors Jaume &hellip; <a href=\"https:\/\/bisbalpenedes.com\/web\/2025\/06\/16\/el-passat-29-dabril-es-va-celebrar-un-ple-extraordinari-a-lajuntament-de-la-bisbal-del-penedes\/\" class=\"more-link\">Read More<\/a><\/p>\n","protected":false},"author":4,"featured_media":33953,"comment_status":"closed","ping_status":"closed","sticky":false,"template":"","format":"standard","meta":[],"categories":[8,2251,2250],"tags":[459,393,423,7091],"_links":{"self":[{"href":"https:\/\/bisbalpenedes.com\/web\/wp-json\/wp\/v2\/posts\/33946"}],"collection":[{"href":"https:\/\/bisbalpenedes.com\/web\/wp-json\/wp\/v2\/posts"}],"about":[{"href":"https:\/\/bisbalpenedes.com\/web\/wp-json\/wp\/v2\/types\/post"}],"author":[{"embeddable":true,"href":"https:\/\/bisbalpenedes.com\/web\/wp-json\/wp\/v2\/users\/4"}],"replies":[{"embeddable":true,"href":"https:\/\/bisbalpenedes.com\/web\/wp-json\/wp\/v2\/comments?post=33946"}],"version-history":[{"count":6,"href":"https:\/\/bisbalpenedes.com\/web\/wp-json\/wp\/v2\/posts\/33946\/revisions"}],"predecessor-version":[{"id":33966,"href":"https:\/\/bisbalpenedes.com\/web\/wp-json\/wp\/v2\/posts\/33946\/revisions\/33966"}],"wp:featuredmedia":[{"embeddable":true,"href":"https:\/\/bisbalpenedes.com\/web\/wp-json\/wp\/v2\/media\/33953"}],"wp:attachment":[{"href":"https:\/\/bisbalpenedes.com\/web\/wp-json\/wp\/v2\/media?parent=33946"}],"wp:term":[{"taxonomy":"category","embeddable":true,"href":"https:\/\/bisbalpenedes.com\/web\/wp-json\/wp\/v2\/categories?post=33946"},{"taxonomy":"post_tag","embeddable":true,"href":"https:\/\/bisbalpenedes.com\/web\/wp-json\/wp\/v2\/tags?post=33946"}],"curies":[{"name":"wp","href":"https:\/\/api.w.org\/{rel}","templated":true}]}}