{"id":33941,"date":"2025-06-16T10:42:20","date_gmt":"2025-06-16T08:42:20","guid":{"rendered":"https:\/\/bisbalpenedes.com\/web\/?p=33941"},"modified":"2025-06-16T19:08:03","modified_gmt":"2025-06-16T17:08:03","slug":"el-passat-27-de-marc-es-va-celebrar-un-ple-extraordinari-a-lajuntament-de-la-bisbal-del-penedes","status":"publish","type":"post","link":"https:\/\/bisbalpenedes.com\/web\/2025\/06\/16\/el-passat-27-de-marc-es-va-celebrar-un-ple-extraordinari-a-lajuntament-de-la-bisbal-del-penedes\/","title":{"rendered":"El passat 27 de mar\u00e7 es va celebrar un Ple extraordinari a l&#8217;Ajuntament de la Bisbal del Pened\u00e8s"},"content":{"rendered":"\n<p>El passat 27 de mar\u00e7 es va celebrar un Ple extraordinari a l&#8217;Ajuntament de la Bisbal del Pened\u00e8s. A l&#8217;inici del Ple es va excusar l&#8217;assist\u00e8ncia del regidor de Tots Som la Bisbal-Urbanizaciones Unidas, Ra\u00fal Cort\u00e9s, i no es va comptar amb cap regidor d&#8217;ERC-AM perqu\u00e8 encara no havia pres possessi\u00f3, despr\u00e9s de la ren\u00fancia al c\u00e0rrec i l&#8217;acta de regidora per part de S\u00edlvia Monfort.<\/p>\n\n\n\n<p><strong>PART RESOLUTIVA<\/strong><\/p>\n\n\n\n<p>1.-Aprovar inicialment la modificaci\u00f3 puntual de les Normes Subsidi\u00e0ries, amb ordenaci\u00f3 detallada de &#8220;les Planes del Vent&#8221;.<\/p>\n\n\n\n<p>Es va aprovar amb els vots a favor de Comprom\u00eds amb la Bisbal (5) i el PSC (1) i els vots en contra de La Bisbal Decideix (2) i Tots Som la Bisbal-Urbanizaciones Unidas (1).<\/p>\n\n\n\n<p>Per a m\u00e9s informaci\u00f3 sobre l&#8217;aprovaci\u00f3 d&#8217;aquest punt, accediu a l&#8217;enlla\u00e7: <a rel=\"noreferrer noopener\" href=\"https:\/\/bisbalpenedes.com\/web\/2025\/03\/28\/el-ple-de-la-bisbal-del-penedes-aprova-inicialment-la-modificacio-puntual-de-les-normes-subsidiaries-amb-ordenacio-detallada-de-les-planes-del-vent\/\" target=\"_blank\">https:\/\/bisbalpenedes.com\/web\/2025\/03\/28\/el-ple-de-la-bisbal-del-penedes-aprova-inicialment-la-modificacio-puntual-de-les-normes-subsidiaries-amb-ordenacio-detallada-de-les-planes-del-vent\/<\/a><br><br><strong>2.-Reconeixement extrajudicial de cr\u00e8dit<\/strong><\/p>\n\n\n\n<p>Es va aprovar amb els vots a favor de Comprom\u00eds amb la Bisbal (5) i el PSC (1) i les abstencions de La Bisbal Decideix (2) i Tots Som la Bisbal-Urbanizaciones Unidas (1).<\/p>\n\n\n\n<p>Es va aprovar el reconeixement extrajudicial de cr\u00e8dit de factures per un total de 97.676,04\u20ac de serveis o adquisicions realitzades, que s\u00f3n de l&#8217;any passat o de gener i febrer de 2025, per\u00f2 amb algunes defici\u00e8ncies de tramitaci\u00f3.<\/p>\n\n\n\n<p>L&#8217;alcaldessa Agn\u00e8s Ferr\u00e9 va explicar que &#8220;<em>hi ha saldo suficient per fer-hi front, nom\u00e9s \u00e9s un tema de tramitaci\u00f3&#8221; <\/em>i va afegir que <em>&#8220;aprovat el Decret de Llei 3\/2025 de 4 de mar\u00e7 pel qual s&#8217;adopten mesures urgents en mat\u00e8ria de contractaci\u00f3 p\u00fablica amb relaci\u00f3 a les anomenades despeses menors, es dona un respir a tots els ajuntaments per tramitar despeses inferiors a 5.000\u20ac. Est\u00e0 en vigor d&#8217;aquest mes de mar\u00e7 i si hagu\u00e9s entrat en vigor al gener, la meitat de les factures que ara aprovarem ja no haurien arribat aqu\u00ed i s&#8217;haguessin tramitat com a depesa menor&#8221;.<\/em><\/p>\n\n\n\n<p><\/p>\n\n\n\n<p><strong>3.Aprovar donar suport al projecte d&#8217;implantaci\u00f3 del Vehicle Aut\u00f2nom i Connectat (CIVAC) a la comarca del Baix Pened\u00e8s.<\/strong><\/p>\n\n\n\n<p>Es va aprovar amb els vots a favor de Comprom\u00eds amb la Bisbal (5) i el PSC (1) i les abstencions de La Bisbal Decideix (2) i Tots Som la Bisbal-Urbanizaciones Unidas (1).<\/p>\n\n\n\n<p>Per a m\u00e9s informaci\u00f3 sobre l&#8217;aprovaci\u00f3 d&#8217;aquest punt, accediu a l&#8217;enlla\u00e7: <a href=\"https:\/\/bisbalpenedes.com\/web\/2025\/03\/28\/el-ple-aprova-donar-suport-al-projecte-dimplantacio-del-vehicle-autonom-i-connectat-civac-a-la-comarca-del-baix-penedes\/\" target=\"_blank\" rel=\"noreferrer noopener\">https:\/\/bisbalpenedes.com\/web\/2025\/03\/28\/el-ple-aprova-donar-suport-al-projecte-dimplantacio-del-vehicle-autonom-i-connectat-civac-a-la-comarca-del-baix-penedes\/<\/a><\/p>\n\n\n\n<p>Enlla\u00e7 al v\u00eddeo: <a rel=\"noreferrer noopener\" href=\"https:\/\/actes.bisbalpenedes.com\/session\/sessionDetail\/8a81808895c5f72e0195cc813daf0004\" target=\"_blank\">https:\/\/actes.bisbalpenedes.com\/session\/sessionDetail\/8a81808895c5f72e0195cc813daf0004<\/a><\/p>\n\n\n\n<hr class=\"wp-block-separator has-alpha-channel-opacity\"\/>\n\n\n\n<h1>El pasado 27 de marzo se celebr\u00f3 un Pleno extraordinario en el Ajuntament de la Bisbal del Pened\u00e8s<\/h1>\n\n\n\n<p>Al inicio del Pleno se excus\u00f3 la asistencia del concejal de Tots Som la Bisbal-Urbanizaciones Unidas, Ra\u00fal Cort\u00e9s, y no se cont\u00f3 con ning\u00fan concejal de ERC-AM porque a\u00fan no hab\u00eda tomado posesi\u00f3n, despu\u00e9s de la renuncia al cargo y al acta de concejala por parte de S\u00edlvia Monfort.<\/p>\n\n\n\n<p><strong>PARTE RESOLUTIVA<\/strong><\/p>\n\n\n\n<p>1. Aprobar inicialmente la modificaci\u00f3n puntual de las Normas Subsidiarias, con ordenaci\u00f3n detallada de &#8220;les Planes del Vent&#8221;<\/p>\n\n\n\n<p>Se aprob\u00f3 con los votos a favor de Comprom\u00eds amb la Bisbal (5) y el PSC (1) y los votos en contra de La Bisbal Decideix (2) y Tots Som la Bisbal-Urbanizaciones Unidas (1).<\/p>\n\n\n\n<p>Para m\u00e1s informaci\u00f3n sobre la aprobaci\u00f3n de este punto, acceded al enlace: <a href=\"https:\/\/bisbalpenedes.com\/web\/2025\/03\/28\/el-ple-de-la-bisbal-del-penedes-aprova-inicialment-la-modificacio-puntual-de-les-normes-subsidiaries-amb-ordenacio-detallada-de-les-planes-del-vent\/\" target=\"_blank\" rel=\"noreferrer noopener\">https:\/\/bisbalpenedes.com\/web\/2025\/03\/28\/el-ple-de-la-bisbal-del-penedes-aprova-inicialment-la-modificacio-puntual-de-les-normes-subsidiaries-amb-ordenacio-detallada-de-les-planes-del-vent\/<\/a><\/p>\n\n\n\n<p><strong>2. Reconocimiento extrajudicial de cr\u00e9dito<\/strong><\/p>\n\n\n\n<p>Se aprob\u00f3 con los votos a favor de Comprom\u00eds amb la Bisbal (5) y el PSC (1) y las abstenciones de La Bisbal Decideix (2) y Tots Som la Bisbal-Urbanizaciones Unidas (1).<\/p>\n\n\n\n<p>Se aprob\u00f3 el reconocimiento extrajudicial de cr\u00e9dito de facturas por un total de 97.676,04\u20ac de servicios o adquisiciones realizadas, que son del a\u00f1o pasado o de enero y febrero de 2025, pero con algunas deficiencias de tramitaci\u00f3n.<\/p>\n\n\n\n<p>La alcaldesa Agn\u00e8s Ferr\u00e9 explic\u00f3 que <em>&#8220;hay saldo suficiente para hacer frente, solo es un tema de tramitaci\u00f3n&#8221;<\/em> y a\u00f1adi\u00f3 que <em>&#8220;aprobado el Decreto Ley 3\/2025 de 4 de marzo por el cual se adoptan medidas urgentes en materia de contrataci\u00f3n p\u00fablica en relaci\u00f3n a los denominados gastos menores, se da un respiro a todos los ayuntamientos para tramitar gastos inferiores a 5.000\u20ac. Est\u00e1 en vigor desde este mes de marzo y si hubiera entrado en vigor en enero, la mitad de las facturas que ahora aprobaremos ya no habr\u00edan llegado aqu\u00ed y se habr\u00edan tramitado como gasto menor&#8221;.<\/em><\/p>\n\n\n\n<p><strong>3. Aprobar dar apoyo al proyecto de implantaci\u00f3n del Veh\u00edculo Aut\u00f3nomo y Conectado (CIVAC) en la comarca del Baix Pened\u00e8s<\/strong><\/p>\n\n\n\n<p>Se aprob\u00f3 con los votos a favor de Comprom\u00eds amb la Bisbal (5) y el PSC (1) y las abstenciones de La Bisbal Decideix (2) y Tots Som la Bisbal-Urbanizaciones Unidas (1).<\/p>\n\n\n\n<p>Para m\u00e1s informaci\u00f3n sobre la aprobaci\u00f3n de este punto, acceded al enlace: <a href=\"https:\/\/bisbalpenedes.com\/web\/2025\/03\/28\/el-ple-aprova-donar-suport-al-projecte-dimplantacio-del-vehicle-autonom-i-connectat-civac-a-la-comarca-del-baix-penedes\/\" target=\"_blank\" rel=\"noreferrer noopener\">https:\/\/bisbalpenedes.com\/web\/2025\/03\/28\/el-ple-aprova-donar-suport-al-projecte-dimplantacio-del-vehicle-autonom-i-connectat-civac-a-la-comarca-del-baix-penedes\/<\/a><\/p>\n\n\n\n<h2><strong>Enlace al v\u00eddeo completo del pleno:<\/strong> <a rel=\"noreferrer noopener\" href=\"https:\/\/actes.bisbalpenedes.com\/session\/sessionDetail\/8a81808895c5f72e0195cc813daf0004\" target=\"_blank\">https:\/\/actes.bisbalpenedes.com\/session\/sessionDetail\/8a81808895c5f72e0195cc813daf0004<\/a><\/h2>\n","protected":false},"excerpt":{"rendered":"<p>El passat 27 de mar\u00e7 es va celebrar un Ple extraordinari a l&#8217;Ajuntament de la Bisbal del Pened\u00e8s. A l&#8217;inici del Ple es va excusar l&#8217;assist\u00e8ncia del regidor de Tots &hellip; <a href=\"https:\/\/bisbalpenedes.com\/web\/2025\/06\/16\/el-passat-27-de-marc-es-va-celebrar-un-ple-extraordinari-a-lajuntament-de-la-bisbal-del-penedes\/\" class=\"more-link\">Read More<\/a><\/p>\n","protected":false},"author":4,"featured_media":33943,"comment_status":"closed","ping_status":"closed","sticky":false,"template":"","format":"standard","meta":[],"categories":[8,2251,2250],"tags":[459,393,1374,139,423],"_links":{"self":[{"href":"https:\/\/bisbalpenedes.com\/web\/wp-json\/wp\/v2\/posts\/33941"}],"collection":[{"href":"https:\/\/bisbalpenedes.com\/web\/wp-json\/wp\/v2\/posts"}],"about":[{"href":"https:\/\/bisbalpenedes.com\/web\/wp-json\/wp\/v2\/types\/post"}],"author":[{"embeddable":true,"href":"https:\/\/bisbalpenedes.com\/web\/wp-json\/wp\/v2\/users\/4"}],"replies":[{"embeddable":true,"href":"https:\/\/bisbalpenedes.com\/web\/wp-json\/wp\/v2\/comments?post=33941"}],"version-history":[{"count":5,"href":"https:\/\/bisbalpenedes.com\/web\/wp-json\/wp\/v2\/posts\/33941\/revisions"}],"predecessor-version":[{"id":33963,"href":"https:\/\/bisbalpenedes.com\/web\/wp-json\/wp\/v2\/posts\/33941\/revisions\/33963"}],"wp:featuredmedia":[{"embeddable":true,"href":"https:\/\/bisbalpenedes.com\/web\/wp-json\/wp\/v2\/media\/33943"}],"wp:attachment":[{"href":"https:\/\/bisbalpenedes.com\/web\/wp-json\/wp\/v2\/media?parent=33941"}],"wp:term":[{"taxonomy":"category","embeddable":true,"href":"https:\/\/bisbalpenedes.com\/web\/wp-json\/wp\/v2\/categories?post=33941"},{"taxonomy":"post_tag","embeddable":true,"href":"https:\/\/bisbalpenedes.com\/web\/wp-json\/wp\/v2\/tags?post=33941"}],"curies":[{"name":"wp","href":"https:\/\/api.w.org\/{rel}","templated":true}]}}