{"id":33927,"date":"2025-06-13T19:36:31","date_gmt":"2025-06-13T17:36:31","guid":{"rendered":"https:\/\/bisbalpenedes.com\/web\/?p=33927"},"modified":"2025-06-13T19:36:31","modified_gmt":"2025-06-13T17:36:31","slug":"lajuntament-de-la-bisbal-del-penedes-participa-en-la-prova-pilot-del-projecte-contra-el-malbaratament-alimentari-als-menjadors-escolars-a-traves-de-les-regidories-densenyament-i-serv","status":"publish","type":"post","link":"https:\/\/bisbalpenedes.com\/web\/2025\/06\/13\/lajuntament-de-la-bisbal-del-penedes-participa-en-la-prova-pilot-del-projecte-contra-el-malbaratament-alimentari-als-menjadors-escolars-a-traves-de-les-regidories-densenyament-i-serv\/","title":{"rendered":"<strong>L\u2019Ajuntament de la Bisbal del Pened\u00e8s participa en la prova pilot del projecte contra el malbaratament alimentari als menjadors escolars a trav\u00e9s de les regidories d\u2019Ensenyament i Serveis Socials<\/strong>"},"content":{"rendered":"\n<p>Aquest dijous 12 de juny s\u2019ha presentat un projecte impulsat pel Consell Comarcal del Baix Pened\u00e8s que t\u00e9 com a objectiu combatre el malbaratament alimentari als menjadors escolars de la comarca. La iniciativa comen\u00e7ar\u00e0 al setembre amb una prova pilot als municipis de Bellvei, Santa Oliva i la Bisbal del Pened\u00e8s.<\/p>\n\n\n\n<p>L\u2019objectiu d\u2019aquesta iniciativa \u00e9s reaprofitar els \u00e0pats cuinats, per\u00f2 no servits als menjadors escolars, de tal manera que es puguin distribuir entre les fam\u00edlies en situaci\u00f3 de vulnerabilitat. Aix\u00ed, aquests aliments es congelarien i, en el cas de la Bisbal del Pened\u00e8s, es distribuirien en carmanyoles a trav\u00e9s del Rebost Solidari, un servei que es gestiona a trav\u00e9s de la Regidoria de Serveis Socials.<br><br>Les regidories d\u2019Ensenyament i Serveis Socials de l\u2019Ajuntament de la Bisbal del Pened\u00e8s han destacat que aquest projecte permet fer un pas endavant en la lluita contra el malbaratament alimentari i, alhora, beneficiar\u00e0 aquelles fam\u00edlies m\u00e9s vulnerables del Baix Pened\u00e8s. Ambdues regidories han destacat la iniciativa com un bon exemple de col\u00b7laboraci\u00f3 entre administracions per una Bisbal i un Baix Pened\u00e8s m\u00e9s solidari i sostenible.&nbsp;<\/p>\n\n\n\n<hr class=\"wp-block-separator has-alpha-channel-opacity\"\/>\n\n\n\n<h2><strong>El Ajuntament de la Bisbal del Pened\u00e8s participa en la prueba piloto del proyecto contra el desperdicio alimentario en los comedores escolares a trav\u00e9s de las concejal\u00edas de Educaci\u00f3n y Servicios Sociales<\/strong><\/h2>\n\n\n\n<p>Este jueves 12 de junio se ha presentado un proyecto impulsado por el Consell Comarcal del Baix Pened\u00e8s que tiene como objetivo combatir el desperdicio alimentario en los comedores escolares de la comarca. La iniciativa empezar\u00e1 en septiembre con una prueba piloto en los municipios de Bellvei, Santa Oliva y la Bisbal del Pened\u00e8s.<br><\/p>\n\n\n\n<p>El objetivo de esta iniciativa es reaprovechar las comidas cocinadas, pero no servidas en los comedores escolares, de tal manera que se puedan distribuir entre las familias en situaci\u00f3n de vulnerabilidad. As\u00ed, estos alimentos se congelar\u00edan y, en el caso de la Bisbal del Pened\u00e8s, se distribuir\u00edan en fiambreras a trav\u00e9s del Rebost Solidari, un servicio que se gestiona a trav\u00e9s de la Concejal\u00eda de Servicios Sociales.<br><br>Las concejal\u00edas de Educaci\u00f3n y Servicios Sociales del Ajuntament de la Bisbal del Pened\u00e8s han destacado que este proyecto permite dar un paso adelante en la lucha contra el desperdicio alimentario y, a la vez, beneficiar\u00e1 a aquellas familias m\u00e1s vulnerables del Baix Pened\u00e8s. Ambas concejal\u00edas han destacado la iniciativa como un buen ejemplo de colaboraci\u00f3n entre administraciones por una Bisbal y un Baix Pened\u00e8s m\u00e1s solidario y sostenible.<\/p>\n","protected":false},"excerpt":{"rendered":"<p>Aquest dijous 12 de juny s\u2019ha presentat un projecte impulsat pel Consell Comarcal del Baix Pened\u00e8s que t\u00e9 com a objectiu combatre el malbaratament alimentari als menjadors escolars de la &hellip; <a href=\"https:\/\/bisbalpenedes.com\/web\/2025\/06\/13\/lajuntament-de-la-bisbal-del-penedes-participa-en-la-prova-pilot-del-projecte-contra-el-malbaratament-alimentari-als-menjadors-escolars-a-traves-de-les-regidories-densenyament-i-serv\/\" class=\"more-link\">Read More<\/a><\/p>\n","protected":false},"author":4,"featured_media":33928,"comment_status":"closed","ping_status":"closed","sticky":false,"template":"","format":"standard","meta":[],"categories":[3456,8,17],"tags":[459,7088,7087,393,7086,2644,2142,373],"_links":{"self":[{"href":"https:\/\/bisbalpenedes.com\/web\/wp-json\/wp\/v2\/posts\/33927"}],"collection":[{"href":"https:\/\/bisbalpenedes.com\/web\/wp-json\/wp\/v2\/posts"}],"about":[{"href":"https:\/\/bisbalpenedes.com\/web\/wp-json\/wp\/v2\/types\/post"}],"author":[{"embeddable":true,"href":"https:\/\/bisbalpenedes.com\/web\/wp-json\/wp\/v2\/users\/4"}],"replies":[{"embeddable":true,"href":"https:\/\/bisbalpenedes.com\/web\/wp-json\/wp\/v2\/comments?post=33927"}],"version-history":[{"count":1,"href":"https:\/\/bisbalpenedes.com\/web\/wp-json\/wp\/v2\/posts\/33927\/revisions"}],"predecessor-version":[{"id":33929,"href":"https:\/\/bisbalpenedes.com\/web\/wp-json\/wp\/v2\/posts\/33927\/revisions\/33929"}],"wp:featuredmedia":[{"embeddable":true,"href":"https:\/\/bisbalpenedes.com\/web\/wp-json\/wp\/v2\/media\/33928"}],"wp:attachment":[{"href":"https:\/\/bisbalpenedes.com\/web\/wp-json\/wp\/v2\/media?parent=33927"}],"wp:term":[{"taxonomy":"category","embeddable":true,"href":"https:\/\/bisbalpenedes.com\/web\/wp-json\/wp\/v2\/categories?post=33927"},{"taxonomy":"post_tag","embeddable":true,"href":"https:\/\/bisbalpenedes.com\/web\/wp-json\/wp\/v2\/tags?post=33927"}],"curies":[{"name":"wp","href":"https:\/\/api.w.org\/{rel}","templated":true}]}}