{"id":33919,"date":"2025-06-12T20:34:55","date_gmt":"2025-06-12T18:34:55","guid":{"rendered":"https:\/\/bisbalpenedes.com\/web\/?p=33919"},"modified":"2025-06-12T20:34:55","modified_gmt":"2025-06-12T18:34:55","slug":"festa-de-fi-de-curs-de-lescola-ull-de-vent-organitzada-per-lafa-de-lescola","status":"publish","type":"post","link":"https:\/\/bisbalpenedes.com\/web\/2025\/06\/12\/festa-de-fi-de-curs-de-lescola-ull-de-vent-organitzada-per-lafa-de-lescola\/","title":{"rendered":"Festa de fi de curs de l&#8217;escola Ull de Vent organitzada per l&#8217;AFA de l&#8217;escola"},"content":{"rendered":"\n<p>El pr\u00f2xim dijous 19 de juny, a les 17:30h, se celebrar\u00e0 la festa de fi de curs de l\u2019escola Ull de Vent organitzada per l\u2019AFA de l\u2019escola. La festa es far\u00e0 a l&#8217;edifici nou de l&#8217;escola (a la pista).<\/p>\n\n\n\n<p>Hi haur\u00e0 jocs, m\u00fasica, activitats i molt bon ambient per acomiadar el curs com cal!<\/p>\n\n\n\n<p>L\u2019Ajuntament de la Bisbal del Pened\u00e8s col\u00b7labora en la festa amb el berenar i l\u2019espectacle infantil.<\/p>\n\n\n\n<hr class=\"wp-block-separator has-alpha-channel-opacity\"\/>\n\n\n\n<p><strong>CASTELLANO |<\/strong> El pr\u00f3ximo jueves 19 de junio, a las 17:30h, se celebrar\u00e1 la fiesta de fin de curso de la escuela Ull de Vent organizada por la AFA de la escuela. La fiesta se har\u00e1 en el edificio nuevo de la escuela (en la pista).<\/p>\n\n\n\n<p>\u00a1Habr\u00e1 juegos, m\u00fasica, actividades y muy buen ambiente para despedir el curso como se merece!<\/p>\n\n\n\n<p>El Ajuntament de la Bisbal del Pened\u00e8s colabora en la fiesta con la merienda y el espect\u00e1culo infantil.<\/p>\n","protected":false},"excerpt":{"rendered":"<p>El pr\u00f2xim dijous 19 de juny, a les 17:30h, se celebrar\u00e0 la festa de fi de curs de l\u2019escola Ull de Vent organitzada per l\u2019AFA de l\u2019escola. La festa es &hellip; <a href=\"https:\/\/bisbalpenedes.com\/web\/2025\/06\/12\/festa-de-fi-de-curs-de-lescola-ull-de-vent-organitzada-per-lafa-de-lescola\/\" class=\"more-link\">Read More<\/a><\/p>\n","protected":false},"author":4,"featured_media":33920,"comment_status":"closed","ping_status":"closed","sticky":false,"template":"","format":"standard","meta":[],"categories":[3456,8],"tags":[7085,459,337,393,1374],"_links":{"self":[{"href":"https:\/\/bisbalpenedes.com\/web\/wp-json\/wp\/v2\/posts\/33919"}],"collection":[{"href":"https:\/\/bisbalpenedes.com\/web\/wp-json\/wp\/v2\/posts"}],"about":[{"href":"https:\/\/bisbalpenedes.com\/web\/wp-json\/wp\/v2\/types\/post"}],"author":[{"embeddable":true,"href":"https:\/\/bisbalpenedes.com\/web\/wp-json\/wp\/v2\/users\/4"}],"replies":[{"embeddable":true,"href":"https:\/\/bisbalpenedes.com\/web\/wp-json\/wp\/v2\/comments?post=33919"}],"version-history":[{"count":1,"href":"https:\/\/bisbalpenedes.com\/web\/wp-json\/wp\/v2\/posts\/33919\/revisions"}],"predecessor-version":[{"id":33921,"href":"https:\/\/bisbalpenedes.com\/web\/wp-json\/wp\/v2\/posts\/33919\/revisions\/33921"}],"wp:featuredmedia":[{"embeddable":true,"href":"https:\/\/bisbalpenedes.com\/web\/wp-json\/wp\/v2\/media\/33920"}],"wp:attachment":[{"href":"https:\/\/bisbalpenedes.com\/web\/wp-json\/wp\/v2\/media?parent=33919"}],"wp:term":[{"taxonomy":"category","embeddable":true,"href":"https:\/\/bisbalpenedes.com\/web\/wp-json\/wp\/v2\/categories?post=33919"},{"taxonomy":"post_tag","embeddable":true,"href":"https:\/\/bisbalpenedes.com\/web\/wp-json\/wp\/v2\/tags?post=33919"}],"curies":[{"name":"wp","href":"https:\/\/api.w.org\/{rel}","templated":true}]}}