{"id":33915,"date":"2025-06-12T20:11:55","date_gmt":"2025-06-12T18:11:55","guid":{"rendered":"https:\/\/bisbalpenedes.com\/web\/?p=33915"},"modified":"2025-06-12T20:11:55","modified_gmt":"2025-06-12T18:11:55","slug":"vacunacio-de-gossos-a-la-bisbal-dissabtes-14-i-21-de-juny","status":"publish","type":"post","link":"https:\/\/bisbalpenedes.com\/web\/2025\/06\/12\/vacunacio-de-gossos-a-la-bisbal-dissabtes-14-i-21-de-juny\/","title":{"rendered":"Vacunaci\u00f3 de gossos a la Bisbal: dissabtes 14 i 21 de juny"},"content":{"rendered":"\n<p>Els dissabtes 14 i 21 de juny es dur\u00e0 a terme la campanya de vacunaci\u00f3 de gossos a la Bisbal.<\/p>\n\n\n\n<p>La vacunaci\u00f3 ser\u00e0 de la r\u00e0bia i\/o polivalent i anir\u00e0 a c\u00e0rrec d\u2019un veterinari del Col\u00b7legi Oficial de Veterinaris de la prov\u00edncia de Tarragona, que cobrar\u00e0 les taxes pertinents.<br>Cal que presenteu la cartilla de vacunacions (si en disposeu). Les vacunes es posaran en els seg\u00fcents dies, hores i llocs:<\/p>\n\n\n\n<p><strong>Dissabte 14 de juny<\/strong><\/p>\n\n\n\n<ul><li>De 9.00 a 9.30h a la Pl. Pau Casals (la pista) del nucli de La Bisbal<\/li><li>De 9.45 a 10.15h davant del Local Social del Priorat de la Bisbal<\/li><\/ul>\n\n\n\n<p><strong>Dissabte 21 de juny<\/strong><\/p>\n\n\n\n<ul><li>De 10.00 a 10.30h al Local Social de Can Gordei (Avda. Can Gordei)<\/li><li>De 10.30h a 11.00h al Local Social de l\u2019Esplai (Avda. Esplai)<\/li><li>De 11.00h a 11.30h al local social de La Miralba (carrer Gladiol)<\/li><li>De 11.30h a 12.00h a la pla\u00e7a de la Masieta<\/li><li>De 12:15h a 12:45h a la Pineda de Santa Cristina (al costat de les b\u00fasties)<\/li><li>De 13:00h a 13:30h al Papagai (al costat de les b\u00fasties)<\/li><\/ul>\n\n\n\n<hr class=\"wp-block-separator has-alpha-channel-opacity\"\/>\n\n\n\n<p>Los s\u00e1bados 14 y 21 de junio se llevar\u00e1 a cabo la campa\u00f1a de vacunaci\u00f3n de perros en la Bisbal.<\/p>\n\n\n\n<p>La vacunaci\u00f3n ser\u00e1 de la rabia y\/o polivalente e ir\u00e1 a cargo de un veterinario del Col\u00b7legi Oficial de Veterinaris de la provincia de Tarragona, que cobrar\u00e1 las tasas pertinentes. Ten\u00e9is que presentar la cartilla de vacunaciones (si dispon\u00e9is de ella). Las vacunas se pondr\u00e1n en los siguientes d\u00edas, horas y lugares:<\/p>\n\n\n\n<p><strong>S\u00e1bado 14 de junio<\/strong><\/p>\n\n\n\n<ul><li>De 9.00 a 9.30h en la Pl. Pau Casals (la pista) de la Bisbal<\/li><li>De 9.45 a 10.15h delante del Local Social del Priorat de la Bisbal<\/li><\/ul>\n\n\n\n<p><strong>S\u00e1bado 21 de junio<\/strong><\/p>\n\n\n\n<ul><li>De 10.00 a 10.30h en el Local Social de Can Gordei (Avda. Can Gordei)<\/li><li>De 10.30h a 11.00h en el Local Social de l\u2019Esplai (Avda. Esplai)<\/li><li>De 11:00h a 11.30h en el local social de La Miralba (calle Gladiol)<\/li><li>De 11:30h a 12:00h en la plaza de la Masieta<\/li><li>De 12:15h a 12.45h en la Pineda de Santa Cristina (al lado de los buzones)<\/li><li>De 13:00h a 13:30h en el Papagai (al lado de los buzones)<\/li><\/ul>\n","protected":false},"excerpt":{"rendered":"<p>Els dissabtes 14 i 21 de juny es dur\u00e0 a terme la campanya de vacunaci\u00f3 de gossos a la Bisbal. La vacunaci\u00f3 ser\u00e0 de la r\u00e0bia i\/o polivalent i anir\u00e0 &hellip; <a href=\"https:\/\/bisbalpenedes.com\/web\/2025\/06\/12\/vacunacio-de-gossos-a-la-bisbal-dissabtes-14-i-21-de-juny\/\" class=\"more-link\">Read More<\/a><\/p>\n","protected":false},"author":4,"featured_media":33916,"comment_status":"closed","ping_status":"closed","sticky":false,"template":"","format":"standard","meta":[],"categories":[8,14],"tags":[198,1177,435,587,246,4148,1374,520,431,4121],"_links":{"self":[{"href":"https:\/\/bisbalpenedes.com\/web\/wp-json\/wp\/v2\/posts\/33915"}],"collection":[{"href":"https:\/\/bisbalpenedes.com\/web\/wp-json\/wp\/v2\/posts"}],"about":[{"href":"https:\/\/bisbalpenedes.com\/web\/wp-json\/wp\/v2\/types\/post"}],"author":[{"embeddable":true,"href":"https:\/\/bisbalpenedes.com\/web\/wp-json\/wp\/v2\/users\/4"}],"replies":[{"embeddable":true,"href":"https:\/\/bisbalpenedes.com\/web\/wp-json\/wp\/v2\/comments?post=33915"}],"version-history":[{"count":1,"href":"https:\/\/bisbalpenedes.com\/web\/wp-json\/wp\/v2\/posts\/33915\/revisions"}],"predecessor-version":[{"id":33917,"href":"https:\/\/bisbalpenedes.com\/web\/wp-json\/wp\/v2\/posts\/33915\/revisions\/33917"}],"wp:featuredmedia":[{"embeddable":true,"href":"https:\/\/bisbalpenedes.com\/web\/wp-json\/wp\/v2\/media\/33916"}],"wp:attachment":[{"href":"https:\/\/bisbalpenedes.com\/web\/wp-json\/wp\/v2\/media?parent=33915"}],"wp:term":[{"taxonomy":"category","embeddable":true,"href":"https:\/\/bisbalpenedes.com\/web\/wp-json\/wp\/v2\/categories?post=33915"},{"taxonomy":"post_tag","embeddable":true,"href":"https:\/\/bisbalpenedes.com\/web\/wp-json\/wp\/v2\/tags?post=33915"}],"curies":[{"name":"wp","href":"https:\/\/api.w.org\/{rel}","templated":true}]}}