{"id":33909,"date":"2025-06-12T19:57:29","date_gmt":"2025-06-12T17:57:29","guid":{"rendered":"https:\/\/bisbalpenedes.com\/web\/?p=33909"},"modified":"2025-06-12T20:02:44","modified_gmt":"2025-06-12T18:02:44","slug":"el-proxim-dilluns-16-de-juny-se-celebrara-el-ple-ordinari-de-lajuntament-de-la-bisbal-del-penedes-corresponent-a-aquest-trimestre","status":"publish","type":"post","link":"https:\/\/bisbalpenedes.com\/web\/2025\/06\/12\/el-proxim-dilluns-16-de-juny-se-celebrara-el-ple-ordinari-de-lajuntament-de-la-bisbal-del-penedes-corresponent-a-aquest-trimestre\/","title":{"rendered":"El pr\u00f2xim dilluns 16 de juny se celebrar\u00e0 el Ple ordinari de l\u2019Ajuntament de la Bisbal del Pened\u00e8s corresponent a aquest trimestre"},"content":{"rendered":"\n<p>El pr\u00f2xim dilluns 16 de juny, a les 18h, se celebrar\u00e0 el Ple ordinari de l\u2019Ajuntament de la Bisbal del Pened\u00e8s corresponent a aquest trimestre. L\u2019ordre del dia inclou els punts seg\u00fcents:<\/p>\n\n\n\n<p><strong>PART RESOLUTIVA:<\/strong><\/p>\n\n\n\n<p><strong>Punt 1:<\/strong>&nbsp;aprovaci\u00f3 de l&#8217;acta del Ple ordinari del 17 de mar\u00e7<\/p>\n\n\n\n<p><strong>Punt 2:&nbsp;<\/strong>aprovaci\u00f3 de l&#8217;acta del Ple extraordinari del 27 de mar\u00e7<\/p>\n\n\n\n<p><strong>Punt 3:<\/strong>&nbsp;aprovaci\u00f3 de l&#8217;acta del Ple extraordinari del 29 d&#8217;abril<\/p>\n\n\n\n<p><strong>Punt 4:<\/strong>&nbsp;aprovaci\u00f3 de les festes locals pel 2026<\/p>\n\n\n\n<p><strong>Punt 5:&nbsp;<\/strong>aprovaci\u00f3 del reconeixement de les obligacions de despeses indegudament adquirides<\/p>\n\n\n\n<p><strong>Punt 6:<\/strong>&nbsp;aprovaci\u00f3 del conveni amb el Servei Catal\u00e0 de Tr\u00e0nsit per la col\u00b7laboraci\u00f3 en mat\u00e8ria d\u2019infraccions de normes de circulaci\u00f3 que es cometin en vies urbanes del municipi&nbsp;<\/p>\n\n\n\n<p><strong>Punt 7:&nbsp;<\/strong>Inadmissi\u00f3 del recurs de reposici\u00f3 presentat per un regidor de La Bisbal Decideix contra l\u2019acord d\u2019aprovaci\u00f3 inicial de la modificaci\u00f3 puntual de les NNSS amb ordenaci\u00f3 detallada de les Planes del vent<\/p>\n\n\n\n<p><strong>Punt 8:<\/strong>&nbsp;Inadmissi\u00f3 del recurs de reposici\u00f3 presentat per un regidor de La Bisbal Decideix contra l\u2019acord de desestimaci\u00f3 de la recusaci\u00f3 plantejada contra l\u2019alcaldessa<\/p>\n\n\n\n<p><strong>ACTIVITAT DE CONTROL:<\/strong><\/p>\n\n\n\n<p><strong>Punt 9:<\/strong>&nbsp;donar compte dels Decrets d&#8217;alcaldia<\/p>\n\n\n\n<p><strong>Punt 10:&nbsp;<\/strong>donar compte de les actes de Junta de Govern Local<\/p>\n\n\n\n<p><strong>Punt 11:&nbsp;<\/strong>donar compte del Decret d&#8217;alcaldia de nomenament de membres a la Junta de Govern Local<\/p>\n\n\n\n<p><strong>Punt 12:<\/strong>&nbsp;donar compte del Decret d&#8217;alcaldia de modificaci\u00f3 de la delegaci\u00f3 de compet\u00e8ncies de l&#8217;alcaldia a la Junta de Govern local<\/p>\n\n\n\n<p><strong>Punt 13:<\/strong>&nbsp;donar compte del Decret d&#8217;alcaldia de delegaci\u00f3 especial de compet\u00e8ncies de l\u2019Alcaldessa als\/les Regidors\/es de l&#8217;equip de govern<\/p>\n\n\n\n<p><strong>Punt 14:<\/strong>&nbsp;donar compte de l&#8217;informe d&#8217;Intervenci\u00f3 del control financer permanent sobre les factures registrades sense reconeixement de l\u2019obligaci\u00f3<\/p>\n\n\n\n<p><strong>Punt 15:<\/strong>&nbsp;donar compte&nbsp;de l&#8217;informe d&#8217;Intervenci\u00f3 relatiu a l&#8217;Informe resum de control intern de l\u2019exercici 2024<\/p>\n\n\n\n<p><strong>Punt 16:<\/strong>&nbsp;donar compte&nbsp;de l&#8217;informe d&#8217;Intervenci\u00f3 relatiu al control dels comptes a justificar i bestretes de caixa fixa de l\u2019exercici 2024<\/p>\n\n\n\n<p><strong>Punt 17:<\/strong>&nbsp;donar compte&nbsp;de l&#8217;informe d&#8217;Intervenci\u00f3 relatiu al seguiment Pla d\u2019acci\u00f3 2024 basat en l\u2019informe resum de l\u2019anualitat 2023<\/p>\n\n\n\n<p><strong>Punt 18:<\/strong>&nbsp;donar compte&nbsp;de l&#8217;informe d&#8217;Intervenci\u00f3 complementari del c\u00e0lcul de l\u2019estabilitat pressupost\u00e0ria i la sostenibilitat financera, aprovaci\u00f3 pressupost 2024<\/p>\n\n\n\n<p><strong>Punt 19:<\/strong>&nbsp;donar compte&nbsp;del Pla d&#8217;acci\u00f3 basat en l&#8217;informe resum de control financer de l\u2019exercici 2024<\/p>\n\n\n\n<p><strong>Punt 20:<\/strong>&nbsp;donar compte&nbsp;de l&#8217;informe d&#8217;Intervenci\u00f3 relatiu a l&#8217;execuci\u00f3 del pressupost corresponent al 1r trimestre de 2025<\/p>\n\n\n\n<p><strong>Punt 21:<\/strong>&nbsp;donar compte&nbsp;del decret d\u2019alcaldia d\u2019aprovaci\u00f3 del pla pressupostari a mig termini per al per\u00edode 2026\/28<\/p>\n\n\n\n<p><strong>Punt 22:<\/strong>&nbsp;&nbsp;Moci\u00f3 de suport per demanar que es modifiqui els criteris d\u2018inscripci\u00f3 dels nounats per registrar-los al municipi on consten empadronats els seus progenitors i que aquest municipi consti com a lloc de naixement, presentada pel grups municipals de Comprom\u00eds amb la Bisbal i PSC<\/p>\n\n\n\n<p><strong>PRECS I PREGUNTES<\/strong><\/p>\n\n\n\n<hr class=\"wp-block-separator has-alpha-channel-opacity\"\/>\n\n\n\n<p><strong>PRECS I PREGUNTES DE LA CIUTADANIA<\/strong><\/p>\n\n\n\n<p>Segons el ROM aprovat al Ple de l\u2019Ajuntament de la Bisbal el 19 de juny de 2017, la ciutadania pot participar en els Plens Ordinaris. Tot seguit us detallem el funcionament d\u2019aquest sup\u00f2sit:<\/p>\n\n\n\n<p>Totes les persones tenen dret a intervenir en les sessions ordin\u00e0ries del Ple en el punt de l\u2019ordre del dia de \u2018Precs i preguntes\u2019, d\u2019acord amb les prescripcions seg\u00fcents:<\/p>\n\n\n\n<p>\u00b7&nbsp;&nbsp;&nbsp;&nbsp;&nbsp;&nbsp;&nbsp;El prec o pregunta s\u2019haur\u00e0 de sol\u2022licitar a l\u2019Alcaldia:<\/p>\n\n\n\n<p>o per escrit i entrar-lo\/a al Registre General com a m\u00e0xim 24 hores abans del Ple Ordinari<\/p>\n\n\n\n<p>o Per X (abans Twitter) a @BisbalPenedes com a m\u00e0xim 24h abans del Ple Ordinari, complint el protocol d\u2019\u00fas de les xarxes socials i emprant l\u2019etiqueta\u00a0<a href=\"https:\/\/www.facebook.com\/hashtag\/plebisbalpened%C3%A8s?__eep__=6&amp;source=feed_text&amp;epa=HASHTAG&amp;__xts__%5B0%5D=68.ARD1wXWwwlno0rOKPmoxxgSz89WYH5i8NHgdzmCY3U1GDyNswWNuLJC5R3CyiwZ8glyCklNOgb5D6-ILDBbxPeAhsZdMu8qbfllJN2mwOAG9lPX1POezHU4xpQ6CrtbSOFPuM13bcQDPXDkcT8uMdzLDRgfw5h57ESASLFFbhrUkWoxSN8IheJ2bj9-81sTG3gqQ-wPW1oTv63_qHlpWUiTPav-2exYCEXYInFYQJDcg-f8siVOv1iRTgFStQHuyX1OUlmXnMQEAJGyp0rbWxJ0DXP_c3jiScxjBnW0-ebrftvJ5rcDs6dNS_U1mdQ8lmfvzgSMIsH-xyDrOEt-i4-01nqBm&amp;__tn__=%2ANK-R\">#PleBisbalPened\u00e8s<\/a>, seguit del prec o pregunta.<\/p>\n\n\n\n<p>\u00b7&nbsp;&nbsp;&nbsp;&nbsp;&nbsp;&nbsp;&nbsp;L\u2019assumpte objecte del prec o pregunta haur\u00e0 de ser de compet\u00e8ncia municipal sobre l\u2019acci\u00f3 de govern o estar directament relacionat amb els punts inclosos a l\u2019ordre del dia.<\/p>\n\n\n\n<p>\u00b7&nbsp;&nbsp;&nbsp;&nbsp;&nbsp;&nbsp;&nbsp;Cada ciutad\u00e0\/ana pot formular un prec i una pregunta en un mateix Ple. La longitud m\u00e0xima de cada piulada \u00e9s de 140 car\u00e0cters i no es pot continuar la pregunta en un segon \u2018tweet\u2019.<\/p>\n\n\n\n<p>\u00b7&nbsp;&nbsp;&nbsp;&nbsp;&nbsp;&nbsp;&nbsp;L\u2019alcaldia podr\u00e0 no respondre si \u00e9s un assumpte sobre el qual l\u2019Ajuntament no t\u00e9 compet\u00e8ncies o si ja s\u2019ha presentat la mateixa pregunta en una altra sessi\u00f3 plen\u00e0ria en els \u00faltims 6 mesos.<\/p>\n\n\n\n<p>\u00b7&nbsp;&nbsp;&nbsp;&nbsp;&nbsp;&nbsp;&nbsp;L\u2019alcaldia comunicar\u00e0, acabat el termini m\u00e0xim de presentaci\u00f3 de preguntes, a qui vagin dirigides les preguntes o peticions sol\u2022licitades perqu\u00e8 les pugui respondre.<\/p>\n\n\n\n<p>\u00b7&nbsp;&nbsp;&nbsp;&nbsp;&nbsp;&nbsp;&nbsp;L\u2019Alcaldia llegir\u00e0 la pregunta en veu alta.<\/p>\n\n\n\n<p>\u00b7&nbsp;&nbsp;&nbsp;&nbsp;&nbsp;&nbsp;&nbsp;L\u2019alcaldia o a qui va adre\u00e7ada la pregunta, la respondr\u00e0 en la mateixa sessi\u00f3 del Ple.<\/p>\n\n\n\n<hr class=\"wp-block-separator has-alpha-channel-opacity\"\/>\n\n\n\n<p><strong>CASTELLANO |&nbsp;<\/strong><strong>El pr\u00f3ximo lunes&nbsp;<\/strong><strong>16 de junio<\/strong><strong>&nbsp;se celebrar\u00e1 el Pleno ordinario del A<\/strong><strong>JUNTAMENT<\/strong><strong>&nbsp;de la Bisbal del Pened\u00e8s correspondiente a este trimestre<\/strong><\/p>\n\n\n\n<p>El pr\u00f3ximo lunes 16 de junio, a las 18h, se celebrar\u00e1 el Pleno ordinario del Ajuntament de la Bisbal del Pened\u00e8s correspondiente a este trimestre. El orden del d\u00eda incluye los siguientes puntos:<\/p>\n\n\n\n<p><strong>PARTE RESOLUTIVA:<\/strong><\/p>\n\n\n\n<p><strong>Punto 1:&nbsp;<\/strong>aprobaci\u00f3n del acta del Pleno ordinario del 17 de marzo<\/p>\n\n\n\n<p><strong>Punto 2:<\/strong>&nbsp;aprobaci\u00f3n del acta del Pleno extraordinario del 27 de marzo<\/p>\n\n\n\n<p><strong>Punto 3:<\/strong>&nbsp;aprobaci\u00f3n del acta del Pleno extraordinario del 29 de abril<\/p>\n\n\n\n<p><strong>Punto 4:<\/strong>&nbsp;aprobaci\u00f3n de las fiestas locales para 2026<\/p>\n\n\n\n<p><strong>Punto 5:&nbsp;<\/strong>aprobaci\u00f3n del reconocimiento de las obligaciones de gastos indebidamente adquiridas<\/p>\n\n\n\n<p><strong>Punto 6:<\/strong>&nbsp;aprobaci\u00f3n del convenio con el Servei Catal\u00e0 de Tr\u00e0nsit para la colaboraci\u00f3n en materia de infracciones de normas de circulaci\u00f3n que se cometan en v\u00edas urbanas del municipio<\/p>\n\n\n\n<p><strong>Punto 7:<\/strong>&nbsp;Inadmisi\u00f3n del recurso de reposici\u00f3n presentado por un concejal de La Bisbal Decideix contra el acuerdo de aprobaci\u00f3n inicial de la modificaci\u00f3n puntual de las NNSS con ordenaci\u00f3n detallada de las Planes del viento<\/p>\n\n\n\n<p><strong>Punto 8<\/strong>:&nbsp;Inadmisi\u00f3n del recurso de reposici\u00f3n presentado por un concejal de La Bisbal Decideix contra el acuerdo de desestimaci\u00f3n de la recusaci\u00f3n planteada contra la alcaldesa.<\/p>\n\n\n\n<p><strong>ACTIVIDAD DE CONTROL:<\/strong><\/p>\n\n\n\n<p><strong>Punto 9:<\/strong>&nbsp;dar cuenta de los Decretos de alcald\u00eda<\/p>\n\n\n\n<p><strong>Punto 10:<\/strong>&nbsp;dar cuenta de las actas de Junta de Gobierno Local<\/p>\n\n\n\n<p><strong>Punto 11:&nbsp;<\/strong>dar cuenta del Decreto de alcald\u00eda de nombramiento de miembros a la Junta de Gobierno Local<\/p>\n\n\n\n<p><strong>Punto 12:<\/strong>&nbsp;dar cuenta del Decreto de alcald\u00eda de modificaci\u00f3n de la delegaci\u00f3n de competencias de la alcald\u00eda a la Junta de Gobierno local<\/p>\n\n\n\n<p><strong>Punto 13:<\/strong>&nbsp;dar cuenta del Decreto de alcald\u00eda de delegaci\u00f3n especial de competencias de la Alcaldesa a los\/las Concejales\/as del equipo de gobierno<\/p>\n\n\n\n<p><strong>Punto 14:<\/strong>&nbsp;dar cuenta del informe de Intervenci\u00f3n del control financiero permanente sobre las facturas registradas sin reconocimiento de la obligaci\u00f3n<\/p>\n\n\n\n<p><strong>Punto 15:<\/strong>&nbsp;dar cuenta del informe de Intervenci\u00f3n relativo al Informe resumen de control interno del ejercicio 2024<\/p>\n\n\n\n<p><strong>Punto 16:&nbsp;<\/strong>dar cuenta del informe de Intervenci\u00f3n relativo al control de las cuentas a justificar y anticipos de caja fija del ejercicio 2024<\/p>\n\n\n\n<p><strong>Punto 17:<\/strong>&nbsp;dar cuenta del informe de Intervenci\u00f3n relativo al seguimiento Plan de acci\u00f3n 2024 basado en el informe resumen de la anualidad 2023<\/p>\n\n\n\n<p><strong>Punto 18:<\/strong>&nbsp;dar cuenta del informe de Intervenci\u00f3n complementario del c\u00e1lculo de la estabilidad presupuestaria y la sostenibilidad financiera, aprobaci\u00f3n presupuesto 2024<\/p>\n\n\n\n<p><strong>Punto 19:<\/strong>&nbsp;dar cuenta del Plan de acci\u00f3n basado en el informe resumen de control financiero del ejercicio 2024<\/p>\n\n\n\n<p><strong>Punto 20:&nbsp;<\/strong>dar cuenta del informe de Intervenci\u00f3n relativo a la ejecuci\u00f3n del presupuesto correspondiente al 1er trimestre de 2025<\/p>\n\n\n\n<p><strong>Punto 21:<\/strong>&nbsp;dar cuenta del decreto de alcald\u00eda de aprobaci\u00f3n del plan presupuestario a medio plazo para el per\u00edodo 2026\/28<\/p>\n\n\n\n<p><strong>Punto 22:<\/strong>&nbsp;Moci\u00f3n de apoyo para pedir que se modifiquen los criterios de inscripci\u00f3n de los reci\u00e9n nacidos para registrarlos en el municipio donde constan empadronados sus progenitores y que este municipio conste como lugar de nacimiento, presentada por los grupos municipales de Comprom\u00eds con la Bisbal y PSC<\/p>\n\n\n\n<p><strong>RUEGOS Y PREGUNTAS<\/strong><\/p>\n\n\n\n<hr class=\"wp-block-separator has-alpha-channel-opacity\"\/>\n\n\n\n<p><strong>RUEGOS Y PREGUNTAS DE LA CIUDADAN\u00cdA<\/strong><\/p>\n\n\n\n<p>Seg\u00fan el ROM aprobado en el Pleno del Ajuntament de la Bisbal el 19 de junio de 2017, la ciudadan\u00eda puede participar en los Plenos Ordinarios. A continuaci\u00f3n, os detallamos el funcionamiento de este supuesto:<\/p>\n\n\n\n<p>Todas las personas tienen derecho a intervenir en las sesiones ordinarias del Pleno en el punto del orden del d\u00eda de \u2018Ruegos y preguntas\u2019, de acuerdo con las prescripciones siguientes:<\/p>\n\n\n\n<p>\u2022&nbsp;&nbsp;&nbsp;&nbsp;&nbsp;&nbsp; El ruego o pregunta deber\u00e1 solicitarse a la Alcald\u00eda:<\/p>\n\n\n\n<p>o por escrito y entregarlo en el Registro General como m\u00e1ximo 24 horas antes del Pleno Ordinario<\/p>\n\n\n\n<p>o Por X (antes Twitter) a @BisbalPenedes como m\u00e1ximo 24h antes del Pleno Ordinario, cumpliendo el protocolo de uso de las redes sociales y utilizando la etiqueta #PleBisbalPened\u00e8s, seguido del ruego o pregunta.<\/p>\n\n\n\n<p>\u2022&nbsp;&nbsp;&nbsp;&nbsp;&nbsp;&nbsp; El asunto objeto del ruego o pregunta deber\u00e1 ser de competencia municipal sobre la acci\u00f3n de gobierno o estar directamente relacionado con los puntos incluidos en el orden del d\u00eda.<\/p>\n\n\n\n<p>\u2022&nbsp;&nbsp;&nbsp;&nbsp;&nbsp;&nbsp; Cada ciudadano\/a puede formular un ruego y una pregunta en un mismo Pleno. La longitud m\u00e1xima de cada tuit es de 140 caracteres y no se puede continuar la pregunta en un segundo \u2018tweet\u2019.<\/p>\n\n\n\n<p>\u2022&nbsp;&nbsp;&nbsp;&nbsp;&nbsp;&nbsp; La alcald\u00eda podr\u00e1 no responder si es un asunto sobre el cual el Ajuntament no tiene competencias o si ya se ha presentado la misma pregunta en otra sesi\u00f3n plenaria en los \u00faltimos 6 meses.<\/p>\n\n\n\n<p>\u2022&nbsp;&nbsp;&nbsp;&nbsp;&nbsp;&nbsp; La alcald\u00eda comunicar\u00e1, al finalizar el plazo m\u00e1ximo de presentaci\u00f3n de preguntas, a qui\u00e9n vayan dirigidas las preguntas o peticiones solicitadas para que las pueda responder.<\/p>\n\n\n\n<p>\u2022&nbsp;&nbsp;&nbsp;&nbsp;&nbsp;&nbsp; La alcald\u00eda leer\u00e1 la pregunta en voz alta.<\/p>\n","protected":false},"excerpt":{"rendered":"<p>El pr\u00f2xim dilluns 16 de juny, a les 18h, se celebrar\u00e0 el Ple ordinari de l\u2019Ajuntament de la Bisbal del Pened\u00e8s corresponent a aquest trimestre. L\u2019ordre del dia inclou els &hellip; <a href=\"https:\/\/bisbalpenedes.com\/web\/2025\/06\/12\/el-proxim-dilluns-16-de-juny-se-celebrara-el-ple-ordinari-de-lajuntament-de-la-bisbal-del-penedes-corresponent-a-aquest-trimestre\/\" class=\"more-link\">Read More<\/a><\/p>\n","protected":false},"author":4,"featured_media":33910,"comment_status":"closed","ping_status":"closed","sticky":false,"template":"","format":"standard","meta":[],"categories":[8,2250],"tags":[459,393,139,7084,249],"_links":{"self":[{"href":"https:\/\/bisbalpenedes.com\/web\/wp-json\/wp\/v2\/posts\/33909"}],"collection":[{"href":"https:\/\/bisbalpenedes.com\/web\/wp-json\/wp\/v2\/posts"}],"about":[{"href":"https:\/\/bisbalpenedes.com\/web\/wp-json\/wp\/v2\/types\/post"}],"author":[{"embeddable":true,"href":"https:\/\/bisbalpenedes.com\/web\/wp-json\/wp\/v2\/users\/4"}],"replies":[{"embeddable":true,"href":"https:\/\/bisbalpenedes.com\/web\/wp-json\/wp\/v2\/comments?post=33909"}],"version-history":[{"count":2,"href":"https:\/\/bisbalpenedes.com\/web\/wp-json\/wp\/v2\/posts\/33909\/revisions"}],"predecessor-version":[{"id":33912,"href":"https:\/\/bisbalpenedes.com\/web\/wp-json\/wp\/v2\/posts\/33909\/revisions\/33912"}],"wp:featuredmedia":[{"embeddable":true,"href":"https:\/\/bisbalpenedes.com\/web\/wp-json\/wp\/v2\/media\/33910"}],"wp:attachment":[{"href":"https:\/\/bisbalpenedes.com\/web\/wp-json\/wp\/v2\/media?parent=33909"}],"wp:term":[{"taxonomy":"category","embeddable":true,"href":"https:\/\/bisbalpenedes.com\/web\/wp-json\/wp\/v2\/categories?post=33909"},{"taxonomy":"post_tag","embeddable":true,"href":"https:\/\/bisbalpenedes.com\/web\/wp-json\/wp\/v2\/tags?post=33909"}],"curies":[{"name":"wp","href":"https:\/\/api.w.org\/{rel}","templated":true}]}}