{"id":33895,"date":"2025-06-05T18:41:08","date_gmt":"2025-06-05T16:41:08","guid":{"rendered":"https:\/\/bisbalpenedes.com\/web\/?p=33895"},"modified":"2025-06-05T18:41:08","modified_gmt":"2025-06-05T16:41:08","slug":"avui-dijous-la-casa-de-la-vila-silluminara-de-color-verd-amb-motiu-del-dia-mundial-del-medi-ambient","status":"publish","type":"post","link":"https:\/\/bisbalpenedes.com\/web\/2025\/06\/05\/avui-dijous-la-casa-de-la-vila-silluminara-de-color-verd-amb-motiu-del-dia-mundial-del-medi-ambient\/","title":{"rendered":"Avui dijous La Casa de la Vila s&#8217;il\u00b7luminar\u00e0 de color verd amb motiu del Dia Mundial del Medi Ambient"},"content":{"rendered":"\n<p>Avui dijous \u00e9s el Dia Mundial del Medi Ambient.<br>Fem, entre tots, un m\u00f3n sense contaminaci\u00f3 per pl\u00e0stics? <br>\ud83d\udfe2Amb motiu d&#8217;aquesta jornada, aquest vespre la Casa de la Vila s&#8217;il\u00b7luminar\u00e0 de color verd.<br>M\u00e9s informaci\u00f3: <a href=\"https:\/\/www.un.org\/es\/observances\/environment-day\">https:\/\/www.un.org\/es\/observances\/environment-day<\/a><\/p>\n\n\n\n<hr class=\"wp-block-separator has-alpha-channel-opacity\"\/>\n\n\n\n<p>Hoy jueves es el D\u00eda Mundial del Medio Ambiente.<br>\u00bfHacemos, entre todos, un mundo sin contaminaci\u00f3n por pl\u00e1sticos? <br>\ud83d\udfe2Con motivo de esta jornada, hoy al anochecer la Casa de la Vila se iluminar\u00e1 de color verde.<br>M\u00e1s informaci\u00f3n: <a href=\"https:\/\/www.un.org\/es\/observances\/environment-day\">https:\/\/www.un.org\/es\/observances\/environment-day<\/a><\/p>\n\n\n\n<figure class=\"wp-block-embed is-type-video is-provider-youtube wp-block-embed-youtube wp-embed-aspect-16-9 wp-has-aspect-ratio\"><div class=\"wp-block-embed__wrapper\">\n<iframe loading=\"lazy\" title=\"Together, we can #beatplasticpollution\" width=\"1170\" height=\"658\" src=\"https:\/\/www.youtube.com\/embed\/eqapZ8obCGs?feature=oembed\" frameborder=\"0\" allow=\"accelerometer; autoplay; clipboard-write; encrypted-media; gyroscope; picture-in-picture; web-share\" referrerpolicy=\"strict-origin-when-cross-origin\" allowfullscreen><\/iframe>\n<\/div><\/figure>\n","protected":false},"excerpt":{"rendered":"<p>Avui dijous \u00e9s el Dia Mundial del Medi Ambient.Fem, entre tots, un m\u00f3n sense contaminaci\u00f3 per pl\u00e0stics? \ud83d\udfe2Amb motiu d&#8217;aquesta jornada, aquest vespre la Casa de la Vila s&#8217;il\u00b7luminar\u00e0 de &hellip; <a href=\"https:\/\/bisbalpenedes.com\/web\/2025\/06\/05\/avui-dijous-la-casa-de-la-vila-silluminara-de-color-verd-amb-motiu-del-dia-mundial-del-medi-ambient\/\" class=\"more-link\">Read More<\/a><\/p>\n","protected":false},"author":4,"featured_media":30353,"comment_status":"closed","ping_status":"closed","sticky":false,"template":"","format":"standard","meta":[],"categories":[2402,32,8],"tags":[216,393,220,7083],"_links":{"self":[{"href":"https:\/\/bisbalpenedes.com\/web\/wp-json\/wp\/v2\/posts\/33895"}],"collection":[{"href":"https:\/\/bisbalpenedes.com\/web\/wp-json\/wp\/v2\/posts"}],"about":[{"href":"https:\/\/bisbalpenedes.com\/web\/wp-json\/wp\/v2\/types\/post"}],"author":[{"embeddable":true,"href":"https:\/\/bisbalpenedes.com\/web\/wp-json\/wp\/v2\/users\/4"}],"replies":[{"embeddable":true,"href":"https:\/\/bisbalpenedes.com\/web\/wp-json\/wp\/v2\/comments?post=33895"}],"version-history":[{"count":1,"href":"https:\/\/bisbalpenedes.com\/web\/wp-json\/wp\/v2\/posts\/33895\/revisions"}],"predecessor-version":[{"id":33896,"href":"https:\/\/bisbalpenedes.com\/web\/wp-json\/wp\/v2\/posts\/33895\/revisions\/33896"}],"wp:featuredmedia":[{"embeddable":true,"href":"https:\/\/bisbalpenedes.com\/web\/wp-json\/wp\/v2\/media\/30353"}],"wp:attachment":[{"href":"https:\/\/bisbalpenedes.com\/web\/wp-json\/wp\/v2\/media?parent=33895"}],"wp:term":[{"taxonomy":"category","embeddable":true,"href":"https:\/\/bisbalpenedes.com\/web\/wp-json\/wp\/v2\/categories?post=33895"},{"taxonomy":"post_tag","embeddable":true,"href":"https:\/\/bisbalpenedes.com\/web\/wp-json\/wp\/v2\/tags?post=33895"}],"curies":[{"name":"wp","href":"https:\/\/api.w.org\/{rel}","templated":true}]}}