{"id":33876,"date":"2025-05-30T18:40:58","date_gmt":"2025-05-30T16:40:58","guid":{"rendered":"https:\/\/bisbalpenedes.com\/web\/?p=33876"},"modified":"2025-05-30T18:40:58","modified_gmt":"2025-05-30T16:40:58","slug":"curs-de-vetllador-menjador-i-transport-escolar-per-a-persones-joves-dentre-16-i-29-anys-inscrites-a-garantia-juvenil-cunit","status":"publish","type":"post","link":"https:\/\/bisbalpenedes.com\/web\/2025\/05\/30\/curs-de-vetllador-menjador-i-transport-escolar-per-a-persones-joves-dentre-16-i-29-anys-inscrites-a-garantia-juvenil-cunit\/","title":{"rendered":"Curs de vetllador, menjador i transport escolar per a persones joves d&#8217;entre 16 i 29 anys inscrites a Garantia Juvenil (Cunit)"},"content":{"rendered":"\n<p>Curs de vetllador, menjador i transport escolar per a persones joves d&#8217;entre 16 i 29 anys inscrites a Garantia Juvenil.<\/p>\n\n\n\n<p>A Cunit, del 27 de juny al 8 d&#8217;agost, de 8.30h a 14:30h de dilluns a divendres.<\/p>\n\n\n\n<p>Informaci\u00f3 i inscripcions a trav\u00e9s del web de la Cambra de Comer\u00e7 a <a href=\"https:\/\/panel.eagora.app\/comunicados\/www.cambratgn.com\">www.cambratgn.com<\/a><\/p>\n\n\n\n<hr class=\"wp-block-separator has-alpha-channel-opacity\"\/>\n\n\n\n<p>Curso de velador, comedor y transporte escolar para personas j\u00f3venes de entre 16 y 29 a\u00f1os inscritas en Garant\u00eda Juvenil.<\/p>\n\n\n\n<p>En Cunit, del 27 de junio al 8 de agosto, de 8:30h a 14:30h de lunes a viernes.<\/p>\n\n\n\n<p>Informaci\u00f3n e inscripciones a trav\u00e9s de la web de la Cambra de Comer\u00e7 en <a href=\"https:\/\/panel.eagora.app\/comunicados\/www.cambratgn.com\">www.cambratgn.com<\/a><\/p>\n","protected":false},"excerpt":{"rendered":"<p>Curs de vetllador, menjador i transport escolar per a persones joves d&#8217;entre 16 i 29 anys inscrites a Garantia Juvenil. A Cunit, del 27 de juny al 8 d&#8217;agost, de &hellip; <a href=\"https:\/\/bisbalpenedes.com\/web\/2025\/05\/30\/curs-de-vetllador-menjador-i-transport-escolar-per-a-persones-joves-dentre-16-i-29-anys-inscrites-a-garantia-juvenil-cunit\/\" class=\"more-link\">Read More<\/a><\/p>\n","protected":false},"author":4,"featured_media":33877,"comment_status":"closed","ping_status":"closed","sticky":false,"template":"","format":"standard","meta":[],"categories":[6509,8],"tags":[458,1067,505,393,113,356,5499],"_links":{"self":[{"href":"https:\/\/bisbalpenedes.com\/web\/wp-json\/wp\/v2\/posts\/33876"}],"collection":[{"href":"https:\/\/bisbalpenedes.com\/web\/wp-json\/wp\/v2\/posts"}],"about":[{"href":"https:\/\/bisbalpenedes.com\/web\/wp-json\/wp\/v2\/types\/post"}],"author":[{"embeddable":true,"href":"https:\/\/bisbalpenedes.com\/web\/wp-json\/wp\/v2\/users\/4"}],"replies":[{"embeddable":true,"href":"https:\/\/bisbalpenedes.com\/web\/wp-json\/wp\/v2\/comments?post=33876"}],"version-history":[{"count":1,"href":"https:\/\/bisbalpenedes.com\/web\/wp-json\/wp\/v2\/posts\/33876\/revisions"}],"predecessor-version":[{"id":33878,"href":"https:\/\/bisbalpenedes.com\/web\/wp-json\/wp\/v2\/posts\/33876\/revisions\/33878"}],"wp:featuredmedia":[{"embeddable":true,"href":"https:\/\/bisbalpenedes.com\/web\/wp-json\/wp\/v2\/media\/33877"}],"wp:attachment":[{"href":"https:\/\/bisbalpenedes.com\/web\/wp-json\/wp\/v2\/media?parent=33876"}],"wp:term":[{"taxonomy":"category","embeddable":true,"href":"https:\/\/bisbalpenedes.com\/web\/wp-json\/wp\/v2\/categories?post=33876"},{"taxonomy":"post_tag","embeddable":true,"href":"https:\/\/bisbalpenedes.com\/web\/wp-json\/wp\/v2\/tags?post=33876"}],"curies":[{"name":"wp","href":"https:\/\/api.w.org\/{rel}","templated":true}]}}