{"id":33873,"date":"2025-05-30T18:27:03","date_gmt":"2025-05-30T16:27:03","guid":{"rendered":"https:\/\/bisbalpenedes.com\/web\/?p=33873"},"modified":"2025-05-30T18:27:03","modified_gmt":"2025-05-30T16:27:03","slug":"curs-de-dinamitzacio-dactivitats-infantils-i-juvenils-per-a-persones-joves-dentre-18-i-29-anys-inscrites-al-programa-de-garantia-juvenil","status":"publish","type":"post","link":"https:\/\/bisbalpenedes.com\/web\/2025\/05\/30\/curs-de-dinamitzacio-dactivitats-infantils-i-juvenils-per-a-persones-joves-dentre-18-i-29-anys-inscrites-al-programa-de-garantia-juvenil\/","title":{"rendered":"Curs de dinamitzaci\u00f3 d&#8217;activitats infantils i juvenils per a persones joves d&#8217;entre 18 i 29 anys inscrites al programa de Garantia Juvenil"},"content":{"rendered":"\n<p>Curs de dinamitzaci\u00f3 d&#8217;activitats infantils i juvenils per a persones joves d&#8217;entre 18 i 29 anys inscrites a Garantia Juvenil.<\/p>\n\n\n\n<p>A la Bisbal del Pened\u00e8s, del 30 de juny al 8 d&#8217;agost de 8.30h a 14.30h de dilluns a divendres.<br>Informaci\u00f3 i inscripcions a trav\u00e9s del web de la Cambra de Comer\u00e7 a <a href=\"https:\/\/panel.eagora.app\/comunicados\/www.cambratgn.com\">www.cambratgn.com<\/a><\/p>\n\n\n\n<hr class=\"wp-block-separator has-alpha-channel-opacity\"\/>\n\n\n\n<p>Curso de dinamizaci\u00f3n de actividades infantiles y juveniles para personas j\u00f3venes de entre 18 y 29 a\u00f1os inscritas en Garant\u00eda Juvenil.<\/p>\n\n\n\n<p>En la Bisbal del Pened\u00e8s, del 30 de junio al 8 de agosto de 8:30h a 14:30h de lunes a viernes.<br>Informaci\u00f3n e inscripciones a trav\u00e9s de la web de la Cambra de Comer\u00e7 <a href=\"https:\/\/panel.eagora.app\/comunicados\/www.cambratgn.com\">www.cambratgn.com<\/a><\/p>\n","protected":false},"excerpt":{"rendered":"<p>Curs de dinamitzaci\u00f3 d&#8217;activitats infantils i juvenils per a persones joves d&#8217;entre 18 i 29 anys inscrites a Garantia Juvenil. A la Bisbal del Pened\u00e8s, del 30 de juny al &hellip; <a href=\"https:\/\/bisbalpenedes.com\/web\/2025\/05\/30\/curs-de-dinamitzacio-dactivitats-infantils-i-juvenils-per-a-persones-joves-dentre-18-i-29-anys-inscrites-al-programa-de-garantia-juvenil\/\" class=\"more-link\">Read More<\/a><\/p>\n","protected":false},"author":4,"featured_media":33874,"comment_status":"closed","ping_status":"closed","sticky":false,"template":"","format":"standard","meta":[],"categories":[6509,8],"tags":[230,7076,1067,393,1992],"_links":{"self":[{"href":"https:\/\/bisbalpenedes.com\/web\/wp-json\/wp\/v2\/posts\/33873"}],"collection":[{"href":"https:\/\/bisbalpenedes.com\/web\/wp-json\/wp\/v2\/posts"}],"about":[{"href":"https:\/\/bisbalpenedes.com\/web\/wp-json\/wp\/v2\/types\/post"}],"author":[{"embeddable":true,"href":"https:\/\/bisbalpenedes.com\/web\/wp-json\/wp\/v2\/users\/4"}],"replies":[{"embeddable":true,"href":"https:\/\/bisbalpenedes.com\/web\/wp-json\/wp\/v2\/comments?post=33873"}],"version-history":[{"count":1,"href":"https:\/\/bisbalpenedes.com\/web\/wp-json\/wp\/v2\/posts\/33873\/revisions"}],"predecessor-version":[{"id":33875,"href":"https:\/\/bisbalpenedes.com\/web\/wp-json\/wp\/v2\/posts\/33873\/revisions\/33875"}],"wp:featuredmedia":[{"embeddable":true,"href":"https:\/\/bisbalpenedes.com\/web\/wp-json\/wp\/v2\/media\/33874"}],"wp:attachment":[{"href":"https:\/\/bisbalpenedes.com\/web\/wp-json\/wp\/v2\/media?parent=33873"}],"wp:term":[{"taxonomy":"category","embeddable":true,"href":"https:\/\/bisbalpenedes.com\/web\/wp-json\/wp\/v2\/categories?post=33873"},{"taxonomy":"post_tag","embeddable":true,"href":"https:\/\/bisbalpenedes.com\/web\/wp-json\/wp\/v2\/tags?post=33873"}],"curies":[{"name":"wp","href":"https:\/\/api.w.org\/{rel}","templated":true}]}}