{"id":33861,"date":"2025-05-30T08:43:19","date_gmt":"2025-05-30T06:43:19","guid":{"rendered":"https:\/\/bisbalpenedes.com\/web\/?p=33861"},"modified":"2025-11-26T14:12:52","modified_gmt":"2025-11-26T12:12:52","slug":"finalitzen-els-treballs-per-a-la-campanya-de-control-de-la-processionaria-2025","status":"publish","type":"post","link":"https:\/\/bisbalpenedes.com\/web\/2025\/05\/30\/finalitzen-els-treballs-per-a-la-campanya-de-control-de-la-processionaria-2025\/","title":{"rendered":"Campanya de control de la procession\u00e0ria 2025 subvencionada pel pla Impuls Dipta"},"content":{"rendered":"\n<p>Aquest dimecres han finalitzat els treballs per a la campanya de control de la procession\u00e0ria del 2025, que van comen\u00e7ar el passat mes de mar\u00e7. Ja s\u2019han col\u00b7locat les feromones en l\u2019arbrat amb l\u2019objectiu de reduir la pres\u00e8ncia de la procession\u00e0ria i minimitzar-ne els efectes negatius.<\/p>\n\n\n\n<p>Aquestes accions formen part del pla de prevenci\u00f3 i control d\u2019aquesta plaga, que afecta principalment els pins i pot suposar un risc tant per als arbres com per a persones i animals i que, enguany, ha guanyat molta pres\u00e8ncia a causa dels canvis en la climatologia i la sequera que vam patir l\u2019any passat.<\/p>\n\n\n\n<p>L\u2019Ajuntament continua treballant en la lluita contra aquesta plaga mitjan\u00e7ant mesures de prevenci\u00f3 en zones boscoses pr\u00f2ximes als habitatges i actuacions concretes en l\u2019arbrat p\u00fablic i en determinades zones amb m\u00e9s aflu\u00e8ncia de persones per garantir la salut dels espais verds del municipi.<\/p>\n\n\n\n<p><strong>Tipologies d\u2019actuacions incloses<\/strong><\/p>\n\n\n\n<ul><li>Instal\u00b7laci\u00f3 de feromones per atraure i capturar erugues.<\/li><li>Retirada manual i vigil\u00e0ncia de bosses d\u2019erugues en zones vulnerables, especialment properes a nuclis urbans.<\/li><li>Tractaments biol\u00f2gics i mesures de control per minimitzar l\u2019impacte sanitari i mediambiental de la plaga. (En l\u00ednia amb les pr\u00e0ctiques habituals de control de la procession\u00e0ria a Catalunya).<\/li><\/ul>\n\n\n\n<p>Aquest projecte s\u2019emmarca dins les \u201caccions de salut p\u00fablica\u201d subvencionades pel Pla Impuls 2024-2027, amb un import global de 23.946,84 \u20ac concedit per al conjunt d\u2019actuacions del programa. (Aquest ajut cobreix, entre altres, la campanya de control de la procession\u00e0ria del 2025).<\/p>\n\n\n\n<p>La campanya ha estat realitzada amb el suport del Pla ImpulsaDipta de la Diputaci\u00f3 de Tarragona\u201d.<\/p>\n\n\n\n<p>#ImpulsDipta #SalutP\u00fablica #LaBisbalDelPened\u00e8s #MSalutPublica \u2014 \u201cAmb el suport de @Dipta_cat\u201d<\/p>\n\n\n\n<figure class=\"wp-block-image size-large\"><img loading=\"lazy\" width=\"1024\" height=\"203\" src=\"https:\/\/bisbalpenedes.com\/web\/wp-content\/uploads\/2025\/09\/peudipta-1024x203.jpg\" alt=\"\" class=\"wp-image-34862\" srcset=\"https:\/\/bisbalpenedes.com\/web\/wp-content\/uploads\/2025\/09\/peudipta-1024x203.jpg 1024w, https:\/\/bisbalpenedes.com\/web\/wp-content\/uploads\/2025\/09\/peudipta-300x59.jpg 300w, https:\/\/bisbalpenedes.com\/web\/wp-content\/uploads\/2025\/09\/peudipta-768x152.jpg 768w, https:\/\/bisbalpenedes.com\/web\/wp-content\/uploads\/2025\/09\/peudipta-600x119.jpg 600w, https:\/\/bisbalpenedes.com\/web\/wp-content\/uploads\/2025\/09\/peudipta.jpg 1374w\" sizes=\"(max-width: 1024px) 100vw, 1024px\" \/><\/figure>\n\n\n\n<hr class=\"wp-block-separator has-alpha-channel-opacity\"\/>\n\n\n\n<p>CASTELLANO | Este mi\u00e9rcoles han finalizado los trabajos para la campa\u00f1a de control de la procesionaria del 2025, que comenzaron el pasado mes de marzo. Ya se han colocado las feromonas en el arbolado con el objetivo de reducir la presencia de la procesionaria y minimizar sus efectos negativos.<\/p>\n\n\n\n<p>Estas acciones forman parte del plan de prevenci\u00f3n y control de esta plaga, que afecta principalmente a los pinos y puede suponer un riesgo tanto para los \u00e1rboles como para personas y animales y que, este a\u00f1o, ha ganado mucha presencia a causa de los cambios en la climatolog\u00eda y la sequ\u00eda que sufrimos el a\u00f1o pasado.<\/p>\n\n\n\n<p>El Ayuntamiento contin\u00faa trabajando en la lucha contra esta plaga mediante medidas de prevenci\u00f3n en zonas boscosas pr\u00f3ximas a las viviendas y actuaciones concretas en el arbolado p\u00fablico y en determinadas zonas con m\u00e1s afluencia de personas para garantizar la salud de los espacios verdes del municipio.<\/p>\n\n\n\n<p><\/p>\n","protected":false},"excerpt":{"rendered":"<p>Aquest dimecres han finalitzat els treballs per a la campanya de control de la procession\u00e0ria del 2025, que van comen\u00e7ar el passat mes de mar\u00e7. Ja s\u2019han col\u00b7locat les feromones &hellip; <a href=\"https:\/\/bisbalpenedes.com\/web\/2025\/05\/30\/finalitzen-els-treballs-per-a-la-campanya-de-control-de-la-processionaria-2025\/\" class=\"more-link\">Read More<\/a><\/p>\n","protected":false},"author":4,"featured_media":33865,"comment_status":"closed","ping_status":"closed","sticky":false,"template":"","format":"standard","meta":[],"categories":[8,14],"tags":[1264,6112,7075,192],"_links":{"self":[{"href":"https:\/\/bisbalpenedes.com\/web\/wp-json\/wp\/v2\/posts\/33861"}],"collection":[{"href":"https:\/\/bisbalpenedes.com\/web\/wp-json\/wp\/v2\/posts"}],"about":[{"href":"https:\/\/bisbalpenedes.com\/web\/wp-json\/wp\/v2\/types\/post"}],"author":[{"embeddable":true,"href":"https:\/\/bisbalpenedes.com\/web\/wp-json\/wp\/v2\/users\/4"}],"replies":[{"embeddable":true,"href":"https:\/\/bisbalpenedes.com\/web\/wp-json\/wp\/v2\/comments?post=33861"}],"version-history":[{"count":4,"href":"https:\/\/bisbalpenedes.com\/web\/wp-json\/wp\/v2\/posts\/33861\/revisions"}],"predecessor-version":[{"id":35357,"href":"https:\/\/bisbalpenedes.com\/web\/wp-json\/wp\/v2\/posts\/33861\/revisions\/35357"}],"wp:featuredmedia":[{"embeddable":true,"href":"https:\/\/bisbalpenedes.com\/web\/wp-json\/wp\/v2\/media\/33865"}],"wp:attachment":[{"href":"https:\/\/bisbalpenedes.com\/web\/wp-json\/wp\/v2\/media?parent=33861"}],"wp:term":[{"taxonomy":"category","embeddable":true,"href":"https:\/\/bisbalpenedes.com\/web\/wp-json\/wp\/v2\/categories?post=33861"},{"taxonomy":"post_tag","embeddable":true,"href":"https:\/\/bisbalpenedes.com\/web\/wp-json\/wp\/v2\/tags?post=33861"}],"curies":[{"name":"wp","href":"https:\/\/api.w.org\/{rel}","templated":true}]}}