{"id":33844,"date":"2025-05-28T10:38:43","date_gmt":"2025-05-28T08:38:43","guid":{"rendered":"https:\/\/bisbalpenedes.com\/web\/?p=33844"},"modified":"2025-05-28T10:38:43","modified_gmt":"2025-05-28T08:38:43","slug":"el-proxim-divendres-es-fara-la-pedalada-de-lescola-ull-de-vent","status":"publish","type":"post","link":"https:\/\/bisbalpenedes.com\/web\/2025\/05\/28\/el-proxim-divendres-es-fara-la-pedalada-de-lescola-ull-de-vent\/","title":{"rendered":"El pr\u00f2xim divendres es far\u00e0 la &#8220;Pedalada&#8221; de l&#8217;escola Ull de Vent"},"content":{"rendered":"\n<p>El pr\u00f2xim divendres 30 de maig, a les 15:15h, es far\u00e0 la \u201cPedalada\u201d de l\u2019escola Ull de Vent pels carrers del centre de la Bisbal del Pened\u00e8s.<\/p>\n\n\n\n<p>Per aquest motiu, entre les 15h i les 17h es tallaran alguns carrers (adjuntem mapa).<\/p>\n\n\n\n<p>Us animem a sortir al carrer i gaudir de la \u2018Pedalada\u2019, que no nom\u00e9s comptar\u00e0 amb bicicletes, tamb\u00e9 hi haur\u00e0 patins i patinets.<\/p>\n\n\n\n<hr class=\"wp-block-separator has-alpha-channel-opacity\"\/>\n\n\n\n<p>El pr\u00f3ximo viernes 30 de mayo, a las 15.15h, se har\u00e1 la \u201cPedalada\u201d de la escuela Ull de Vent por las calles del centro de la Bisbal del Pened\u00e8s.<\/p>\n\n\n\n<p>Por este motivo, entre las 15h y las 17h se cortar\u00e1n algunas calles (adjuntamos mapa).<\/p>\n\n\n\n<p>Os animamos a salir a la calle y disfrutar de la \u2018Pedalada\u2019, que no solamente contar\u00e1 con bicicletas, tambi\u00e9n habr\u00e1 patines y patinetes.<\/p>\n","protected":false},"excerpt":{"rendered":"<p>El pr\u00f2xim divendres 30 de maig, a les 15:15h, es far\u00e0 la \u201cPedalada\u201d de l\u2019escola Ull de Vent pels carrers del centre de la Bisbal del Pened\u00e8s. Per aquest motiu, &hellip; <a href=\"https:\/\/bisbalpenedes.com\/web\/2025\/05\/28\/el-proxim-divendres-es-fara-la-pedalada-de-lescola-ull-de-vent\/\" class=\"more-link\">Read More<\/a><\/p>\n","protected":false},"author":4,"featured_media":33845,"comment_status":"closed","ping_status":"closed","sticky":false,"template":"","format":"standard","meta":[],"categories":[3456,8],"tags":[337,393,7074,222],"_links":{"self":[{"href":"https:\/\/bisbalpenedes.com\/web\/wp-json\/wp\/v2\/posts\/33844"}],"collection":[{"href":"https:\/\/bisbalpenedes.com\/web\/wp-json\/wp\/v2\/posts"}],"about":[{"href":"https:\/\/bisbalpenedes.com\/web\/wp-json\/wp\/v2\/types\/post"}],"author":[{"embeddable":true,"href":"https:\/\/bisbalpenedes.com\/web\/wp-json\/wp\/v2\/users\/4"}],"replies":[{"embeddable":true,"href":"https:\/\/bisbalpenedes.com\/web\/wp-json\/wp\/v2\/comments?post=33844"}],"version-history":[{"count":1,"href":"https:\/\/bisbalpenedes.com\/web\/wp-json\/wp\/v2\/posts\/33844\/revisions"}],"predecessor-version":[{"id":33846,"href":"https:\/\/bisbalpenedes.com\/web\/wp-json\/wp\/v2\/posts\/33844\/revisions\/33846"}],"wp:featuredmedia":[{"embeddable":true,"href":"https:\/\/bisbalpenedes.com\/web\/wp-json\/wp\/v2\/media\/33845"}],"wp:attachment":[{"href":"https:\/\/bisbalpenedes.com\/web\/wp-json\/wp\/v2\/media?parent=33844"}],"wp:term":[{"taxonomy":"category","embeddable":true,"href":"https:\/\/bisbalpenedes.com\/web\/wp-json\/wp\/v2\/categories?post=33844"},{"taxonomy":"post_tag","embeddable":true,"href":"https:\/\/bisbalpenedes.com\/web\/wp-json\/wp\/v2\/tags?post=33844"}],"curies":[{"name":"wp","href":"https:\/\/api.w.org\/{rel}","templated":true}]}}