{"id":33805,"date":"2025-05-20T09:55:25","date_gmt":"2025-05-20T07:55:25","guid":{"rendered":"https:\/\/bisbalpenedes.com\/web\/?p=33805"},"modified":"2025-05-21T21:00:45","modified_gmt":"2025-05-21T19:00:45","slug":"el-dissabte-31-de-maig-podreu-veure-la-pellicula-salve-maria-del-cicle-gaudi-al-cmc","status":"publish","type":"post","link":"https:\/\/bisbalpenedes.com\/web\/2025\/05\/20\/el-dissabte-31-de-maig-podreu-veure-la-pellicula-salve-maria-del-cicle-gaudi-al-cmc\/","title":{"rendered":"<strong>El dissabte 31 de maig podreu veure la pel\u00b7l\u00edcula \u2018Salve Maria\u2019 del Cicle Gaud\u00ed al CMC<\/strong>"},"content":{"rendered":"\n<p>El dissabte 31 de maig, a les\u00a019h, podreu veure la pel\u00b7l\u00edcula\u00a0\u201cSalve Maria\u201d\u00a0a l\u2019auditori del\u00a0CMC, en el marc del\u00a0Cicle Gaud\u00ed\u00a0de cinema catal\u00e0. La taquilla ser\u00e0 gestionada per\u00a0l&#8217;Associaci\u00f3 de Dones La Roca Foradada.<\/p>\n\n\n\n<p><strong>SINOPSI<\/strong><\/p>\n\n\n\n<p>La Maria, una jove escriptora que acaba de ser mare, es topa amb la not\u00edcia d\u2019un succ\u00e9s estremidor: una dona francesa ha ofegat les seves bessones de deu mesos a la banyera. La Maria s\u2019obsessiona amb la infanticida, per qu\u00e8 els va matar? A partir d\u2019aquest moment, l\u2019ombra de l\u2019infanticidi l\u2019aguaita com una vertiginosa possibilitat.<\/p>\n\n\n\n<p><strong>FITXA T\u00c8CNICA<\/strong><\/p>\n\n\n\n<p><strong>Direcci\u00f3:<\/strong> Mar Coll<\/p>\n\n\n\n<p><strong>Productora:<\/strong> Escandalo Films, Elastica Films<\/p>\n\n\n\n<p><strong>Estrena: <\/strong>29 d\u2019octubre de 2024<\/p>\n\n\n\n<p><strong>Durada:<\/strong> 111 min.<\/p>\n\n\n\n<p><strong>Gui\u00f3: <\/strong>Mar Coll, Valentina Viso<\/p>\n\n\n\n<p><strong>G\u00e8nere: <\/strong>Drama<\/p>\n\n\n\n<p><strong>Qualificaci\u00f3: <\/strong>No recomanada per a menors de 16 anys<\/p>\n\n\n\n<p><strong>Versi\u00f3: <\/strong>Original en catal\u00e0<\/p>\n\n\n\n<p><strong>Int\u00e8rprets:<\/strong> Bel\u00e9n Cruz, Giannina Fruttero, Julie Maes, Laura Weissmahr, Oriol Pla<\/p>\n\n\n\n<p>Com \u00e9s habitual, el preu de l\u2019entrada ser\u00e0 de&nbsp;4,5\u20ac&nbsp;(general) i&nbsp;3\u20ac&nbsp;per als espectadors que presentin el carnet de la&nbsp;Biblioteca p\u00fablica de la Bisbal del Pened\u00e8s. Els beneficis es destinaran a l\u2019entitat que gestioni la taquilla abans de la projecci\u00f3.<\/p>\n\n\n\n<hr class=\"wp-block-separator has-alpha-channel-opacity\"\/>\n\n\n\n<p>El s\u00e1bado 31 de mayo, a las 19h, podr\u00e9is ver la pel\u00b7l\u00edcula \u201cSalve Maria\u201d en el auditorio del CMC, en el marco del Cicle Gaud\u00ed de cine catal\u00e1n. La taquilla ser\u00e0 gestionada por la Associaci\u00f3 de Dones La Roca Foradada.<\/p>\n\n\n\n<p><strong>SINOPSIS<\/strong><\/p>\n\n\n\n<p>Mar\u00eda, una jovent escritora que acaba de ser madre, se encuentra con una noticia de un suceso estremecedor: una mujer francesa ha ahogado a sus gemelas de diez meses en la ba\u00f1era. Mar\u00eda se obsesiona con la infanticida, \u00bfPor qu\u00e9 las mat\u00f3? A partir de este momento, la sombra del infanticidio la persigue como una vertiginosa publicidad.<\/p>\n\n\n\n<p><strong>FICHA T\u00c9CNICA<\/strong><\/p>\n\n\n\n<p><strong>Direcci\u00f3n: <\/strong>Mar Coll<\/p>\n\n\n\n<p><strong>Productora:<\/strong> Escandalo Films, Elastica Films<\/p>\n\n\n\n<p><strong>Estreno:<\/strong> 29 de octubre de 2024<\/p>\n\n\n\n<p><strong>Duraci\u00f3n: <\/strong>111 min.<\/p>\n\n\n\n<p><strong>Gui\u00f3n: <\/strong>Mar Coll, Valentina Viso<\/p>\n\n\n\n<p><strong>G\u00e9nero: <\/strong>Drama<\/p>\n\n\n\n<p><strong>Calificaci\u00f3n: <\/strong>No recomendada para menores de 16 a\u00f1os<\/p>\n\n\n\n<p><strong>Versi\u00f3n: <\/strong>original en catal\u00e1n<\/p>\n\n\n\n<p>I<strong>nt\u00e9rpretes:<\/strong> Bel\u00e9n Cruz, Giannina Fruttero, Julie Maes, Laura Weissmahr, Oriol Pla<\/p>\n\n\n\n<p>Como es habitual, el precio de la entrada ser\u00e1 de 4,5\u20ac (general) y 3\u20ac para los espectadores que presenten el carn\u00e9 de la Biblioteca p\u00fablica de la Bisbal del Pened\u00e8s. Los beneficios se destinar\u00e1n a la entidad que gestione la taquilla antes de la proyecci\u00f3n.<\/p>\n","protected":false},"excerpt":{"rendered":"<p>El dissabte 31 de maig, a les\u00a019h, podreu veure la pel\u00b7l\u00edcula\u00a0\u201cSalve Maria\u201d\u00a0a l\u2019auditori del\u00a0CMC, en el marc del\u00a0Cicle Gaud\u00ed\u00a0de cinema catal\u00e0. La taquilla ser\u00e0 gestionada per\u00a0l&#8217;Associaci\u00f3 de Dones La Roca &hellip; <a href=\"https:\/\/bisbalpenedes.com\/web\/2025\/05\/20\/el-dissabte-31-de-maig-podreu-veure-la-pellicula-salve-maria-del-cicle-gaudi-al-cmc\/\" class=\"more-link\">Read More<\/a><\/p>\n","protected":false},"author":4,"featured_media":33806,"comment_status":"closed","ping_status":"closed","sticky":false,"template":"","format":"standard","meta":[],"categories":[13,8],"tags":[459,308,307,393,7072],"_links":{"self":[{"href":"https:\/\/bisbalpenedes.com\/web\/wp-json\/wp\/v2\/posts\/33805"}],"collection":[{"href":"https:\/\/bisbalpenedes.com\/web\/wp-json\/wp\/v2\/posts"}],"about":[{"href":"https:\/\/bisbalpenedes.com\/web\/wp-json\/wp\/v2\/types\/post"}],"author":[{"embeddable":true,"href":"https:\/\/bisbalpenedes.com\/web\/wp-json\/wp\/v2\/users\/4"}],"replies":[{"embeddable":true,"href":"https:\/\/bisbalpenedes.com\/web\/wp-json\/wp\/v2\/comments?post=33805"}],"version-history":[{"count":4,"href":"https:\/\/bisbalpenedes.com\/web\/wp-json\/wp\/v2\/posts\/33805\/revisions"}],"predecessor-version":[{"id":33814,"href":"https:\/\/bisbalpenedes.com\/web\/wp-json\/wp\/v2\/posts\/33805\/revisions\/33814"}],"wp:featuredmedia":[{"embeddable":true,"href":"https:\/\/bisbalpenedes.com\/web\/wp-json\/wp\/v2\/media\/33806"}],"wp:attachment":[{"href":"https:\/\/bisbalpenedes.com\/web\/wp-json\/wp\/v2\/media?parent=33805"}],"wp:term":[{"taxonomy":"category","embeddable":true,"href":"https:\/\/bisbalpenedes.com\/web\/wp-json\/wp\/v2\/categories?post=33805"},{"taxonomy":"post_tag","embeddable":true,"href":"https:\/\/bisbalpenedes.com\/web\/wp-json\/wp\/v2\/tags?post=33805"}],"curies":[{"name":"wp","href":"https:\/\/api.w.org\/{rel}","templated":true}]}}