{"id":33791,"date":"2025-05-16T09:06:39","date_gmt":"2025-05-16T07:06:39","guid":{"rendered":"https:\/\/bisbalpenedes.com\/web\/?p=33791"},"modified":"2025-05-16T09:06:39","modified_gmt":"2025-05-16T07:06:39","slug":"vuelve-el-bjoy-la-feria-local-de-ocio-y-juventud-de-la-bisbal-del-penedes","status":"publish","type":"post","link":"https:\/\/bisbalpenedes.com\/web\/2025\/05\/16\/vuelve-el-bjoy-la-feria-local-de-ocio-y-juventud-de-la-bisbal-del-penedes\/","title":{"rendered":"<strong>Vuelve el BJOY: la Feria local de ocio y juventud de la Bisbal del Pened\u00e8s<\/strong>"},"content":{"rendered":"\n<p><strong>Los j\u00f3venes de entre 11 y 25 a\u00f1os podran disfrutar de un fin de semana lleno de actividades pensades para ellos<\/strong><\/p>\n\n\n\n<p>El dissabte 17 i el diumenge 18 de maig, el Pavell\u00f3 Esportiu Municipal de la Bisbal del Pened\u00e8s acollir\u00e0 el BJOY: la Fira local d\u2019Oci i Joventut. \u00c9s el segon any consecutiu que la Regidoria de Joventut tira endavant aquest esdeveniment a la zona esportiva municipal amb l\u2019objectiu d\u2019oferir un cap de setmana farcit d\u2019activitats adre\u00e7at a joves d\u2019entre 11 i 25 anys del municipi i la contornada.<\/p>\n\n\n\n<p>El regidor de Joventut, Joan Gimeno, ha explicat que<em> \u201caquesta iniciativa ja va tenir molt d\u2019\u00e8xit l\u2019any passat i, enguany, n\u2019hem ampliat i millorat les propostes perqu\u00e8 el p\u00fablic jove pugui gaudir d\u2019un esdeveniment pensat exclusivament per als seus gustos i aficions.<\/em> <em>Esperem que vingui tot el jovent del poble i que, tamb\u00e9, ens visitin joves d\u2019altres municipis\u201d.<\/em> Gimeno ha afegit que <em>\u201ctot i que hi hagi activitats amb inscripci\u00f3 pr\u00e8via, n\u2019hi ha d\u2019altres per a les que no cal inscriure\u2019s. A m\u00e9s, els joves tamb\u00e9 poden venir a gaudir, com a p\u00fablic, dels diferents tornejos\u201d.<\/em><\/p>\n\n\n\n<p>Els actes comen\u00e7aran el dissabte 17 de maig a les 10h, amb una mostra de tallers d\u2019associacions de cultura popular del municipi que comptar\u00e0 amb la participaci\u00f3 del Ball de Diables de la Bisbal del Pened\u00e8s, la Colla Castellera La Bisbal del Pened\u00e8s (Bous), la batucada bisbalenca, el Club d\u2019escacs de la Societat, el Ball de Gitanes de la Bisbal i els Geganters, grallers i tabalers de la Societat.<\/p>\n\n\n\n<p>A partir de les 11:30h es faran els tornejos de CF Joventut Bisbalenca, el concurs de Tir al Pal 1VS1 i el taller d\u2019iniciaci\u00f3 al v\u00f2lei amb els seus tornejos.<br><br>A la tarda, de 16h a 20h, se celebrar\u00e0 el torneig de b\u00e0squet 3&#215;3 (calia inscripci\u00f3 pr\u00e8via).<\/p>\n\n\n\n<p>El diumenge hi haur\u00e0 activitats que es duran a terme durant tot el dia, com ara el 2n torneig d\u2019EA Sports FC 25, els videojocs i al realitat virtual. Tamb\u00e9 hi haur\u00e0 tallers de grafiti durant tota la jornada. A partir de les 10h tamb\u00e9 s\u2019oferir\u00e0 un taller d\u2019espelmes Twentytwostore.<\/p>\n\n\n\n<p>A les 15h comen\u00e7ar\u00e0 el taller de videojocs, influencer i xarxes socials, a les 16h hi haur\u00e0 torneig de Just Dance i de cartes de Magic, aix\u00ed com un taller de make up i efectes especials. A partir de les 19:30h es far\u00e0 l\u2019Scape Box.<\/p>\n\n\n\n<figure class=\"wp-block-image size-large\"><img loading=\"lazy\" width=\"1024\" height=\"957\" src=\"https:\/\/bisbalpenedes.com\/web\/wp-content\/uploads\/2025\/05\/BJOY-1-1024x957.jpeg\" alt=\"\" class=\"wp-image-33739\" srcset=\"https:\/\/bisbalpenedes.com\/web\/wp-content\/uploads\/2025\/05\/BJOY-1-1024x957.jpeg 1024w, https:\/\/bisbalpenedes.com\/web\/wp-content\/uploads\/2025\/05\/BJOY-1-300x280.jpeg 300w, https:\/\/bisbalpenedes.com\/web\/wp-content\/uploads\/2025\/05\/BJOY-1-768x718.jpeg 768w, https:\/\/bisbalpenedes.com\/web\/wp-content\/uploads\/2025\/05\/BJOY-1-1536x1435.jpeg 1536w, https:\/\/bisbalpenedes.com\/web\/wp-content\/uploads\/2025\/05\/BJOY-1-600x561.jpeg 600w, https:\/\/bisbalpenedes.com\/web\/wp-content\/uploads\/2025\/05\/BJOY-1.jpeg 1600w\" sizes=\"(max-width: 1024px) 100vw, 1024px\" \/><\/figure>\n\n\n\n<figure class=\"wp-block-image size-large\"><img loading=\"lazy\" width=\"1024\" height=\"957\" src=\"https:\/\/bisbalpenedes.com\/web\/wp-content\/uploads\/2025\/05\/BJOY-2-1024x957.jpeg\" alt=\"\" class=\"wp-image-33740\" srcset=\"https:\/\/bisbalpenedes.com\/web\/wp-content\/uploads\/2025\/05\/BJOY-2-1024x957.jpeg 1024w, https:\/\/bisbalpenedes.com\/web\/wp-content\/uploads\/2025\/05\/BJOY-2-300x280.jpeg 300w, https:\/\/bisbalpenedes.com\/web\/wp-content\/uploads\/2025\/05\/BJOY-2-768x718.jpeg 768w, https:\/\/bisbalpenedes.com\/web\/wp-content\/uploads\/2025\/05\/BJOY-2-1536x1435.jpeg 1536w, https:\/\/bisbalpenedes.com\/web\/wp-content\/uploads\/2025\/05\/BJOY-2-600x561.jpeg 600w, https:\/\/bisbalpenedes.com\/web\/wp-content\/uploads\/2025\/05\/BJOY-2.jpeg 1600w\" sizes=\"(max-width: 1024px) 100vw, 1024px\" \/><\/figure>\n\n\n\n<figure class=\"wp-block-image size-large\"><img loading=\"lazy\" width=\"1024\" height=\"957\" src=\"https:\/\/bisbalpenedes.com\/web\/wp-content\/uploads\/2025\/05\/BJOY-4-1024x957.jpeg\" alt=\"\" class=\"wp-image-33741\" srcset=\"https:\/\/bisbalpenedes.com\/web\/wp-content\/uploads\/2025\/05\/BJOY-4-1024x957.jpeg 1024w, https:\/\/bisbalpenedes.com\/web\/wp-content\/uploads\/2025\/05\/BJOY-4-300x280.jpeg 300w, https:\/\/bisbalpenedes.com\/web\/wp-content\/uploads\/2025\/05\/BJOY-4-768x718.jpeg 768w, https:\/\/bisbalpenedes.com\/web\/wp-content\/uploads\/2025\/05\/BJOY-4-1536x1435.jpeg 1536w, https:\/\/bisbalpenedes.com\/web\/wp-content\/uploads\/2025\/05\/BJOY-4-600x561.jpeg 600w, https:\/\/bisbalpenedes.com\/web\/wp-content\/uploads\/2025\/05\/BJOY-4.jpeg 1600w\" sizes=\"(max-width: 1024px) 100vw, 1024px\" \/><\/figure>\n\n\n\n<hr class=\"wp-block-separator has-alpha-channel-opacity\"\/>\n\n\n\n<h2><strong>Vuelve el BJOY: la Feria local de ocio y juventud de la Bisbal del Pened\u00e8s<\/strong><\/h2>\n\n\n\n<p><strong>Los j\u00f3venes de entre 11 y 25 a\u00f1os podran disfrutar de un fin de semana lleno de actividades pensades para ellos<\/strong><\/p>\n\n\n\n<p>El s\u00e1bado 17 y el domingo 18 de mayo, el Pabell\u00f3n Deportivo Municipal de La Bisbal del Pened\u00e8s acoger\u00e1 el BJOY: la Feria local de Ocio y Juventud. Es el segundo a\u00f1o consecutivo que la Regidoria de Joventut saca adelante este evento en la zona deportiva municipal con el objetivo de ofrecer un fin de semana repleto de actividades dirigido a j\u00f3venes de entre 11 y 25 a\u00f1os del municipio y los alrededores.<\/p>\n\n\n\n<p>El concejal de Juventud, Joan Gimeno, ha explicado que <em>&#8220;esta iniciativa ya tuvo mucho \u00e9xito el a\u00f1o pasado y, este a\u00f1o, hemos ampliado y mejorado las propuestas para que el p\u00fablico joven pueda disfrutar de un evento pensado exclusivamente para sus gustos y aficiones. Esperamos que venga toda la juventud del pueblo y que, tambi\u00e9n, nos visiten j\u00f3venes de otros municipios&#8221;<\/em>. Gimeno ha a\u00f1adido que <em>&#8220;aunque haya actividades con inscripci\u00f3n previa, hay otras para las que no es necesario inscribirse. Adem\u00e1s, los j\u00f3venes tambi\u00e9n pueden venir a disfrutar, como p\u00fablico, de los diferentes torneos&#8221;.<\/em><\/p>\n\n\n\n<p>Los actos comenzar\u00e1n el s\u00e1bado 17 de mayo a las 10h, con una muestra de talleres de asociaciones de cultura popular del municipio que contar\u00e1 con la participaci\u00f3n del Ball de Diables de La Bisbal del Pened\u00e8s, la Colla Castellera La Bisbal del Pened\u00e8s (Bous), la batucada bisbalenca, el Club d\u2019escacs de la Societat, el Ball de Gitanes de La Bisbal y los Geganters, grallers y tabalers de la Societat.<\/p>\n\n\n\n<p>A partir de las 11:30h se realizar\u00e1n los torneos de CF Joventut Bisbalenca, el concurso de Tiro al Palo 1VS1 y el taller de iniciaci\u00f3n al v\u00f3ley con sus torneos. Por la tarde, de 16h a 20h, se celebrar\u00e1 el torneo de baloncesto 3&#215;3 (requer\u00eda inscripci\u00f3n previa).<\/p>\n\n\n\n<p>El domingo habr\u00e1 actividades que se llevar\u00e1n a cabo durante todo el d\u00eda, como el 2\u00ba torneo de EA Sports FC 25, los videojuegos y la realidad virtual. Tambi\u00e9n habr\u00e1 talleres de grafiti durante toda la jornada. A partir de las 10h tambi\u00e9n se ofrecer\u00e1 un taller de velas Twentytwostore.<\/p>\n\n\n\n<p>A las 15h comenzar\u00e1 el taller de videojuegos, influencer y redes sociales, a las 16h habr\u00e1 torneo de Just Dance y de cartas de Magic, as\u00ed como un taller de maquillaje y efectos especiales. A partir de las 19:30h se realizar\u00e1 el Scape Box. Les adjuntamos el programa con todas las actividades previstas detalladas.<\/p>\n","protected":false},"excerpt":{"rendered":"<p>Los j\u00f3venes de entre 11 y 25 a\u00f1os podran disfrutar de un fin de semana lleno de actividades pensades para ellos El dissabte 17 i el diumenge 18 de maig, &hellip; <a href=\"https:\/\/bisbalpenedes.com\/web\/2025\/05\/16\/vuelve-el-bjoy-la-feria-local-de-ocio-y-juventud-de-la-bisbal-del-penedes\/\" class=\"more-link\">Read More<\/a><\/p>\n","protected":false},"author":4,"featured_media":33738,"comment_status":"closed","ping_status":"closed","sticky":false,"template":"","format":"standard","meta":[],"categories":[4269,8],"tags":[459,6599,210,505,393],"_links":{"self":[{"href":"https:\/\/bisbalpenedes.com\/web\/wp-json\/wp\/v2\/posts\/33791"}],"collection":[{"href":"https:\/\/bisbalpenedes.com\/web\/wp-json\/wp\/v2\/posts"}],"about":[{"href":"https:\/\/bisbalpenedes.com\/web\/wp-json\/wp\/v2\/types\/post"}],"author":[{"embeddable":true,"href":"https:\/\/bisbalpenedes.com\/web\/wp-json\/wp\/v2\/users\/4"}],"replies":[{"embeddable":true,"href":"https:\/\/bisbalpenedes.com\/web\/wp-json\/wp\/v2\/comments?post=33791"}],"version-history":[{"count":1,"href":"https:\/\/bisbalpenedes.com\/web\/wp-json\/wp\/v2\/posts\/33791\/revisions"}],"predecessor-version":[{"id":33792,"href":"https:\/\/bisbalpenedes.com\/web\/wp-json\/wp\/v2\/posts\/33791\/revisions\/33792"}],"wp:featuredmedia":[{"embeddable":true,"href":"https:\/\/bisbalpenedes.com\/web\/wp-json\/wp\/v2\/media\/33738"}],"wp:attachment":[{"href":"https:\/\/bisbalpenedes.com\/web\/wp-json\/wp\/v2\/media?parent=33791"}],"wp:term":[{"taxonomy":"category","embeddable":true,"href":"https:\/\/bisbalpenedes.com\/web\/wp-json\/wp\/v2\/categories?post=33791"},{"taxonomy":"post_tag","embeddable":true,"href":"https:\/\/bisbalpenedes.com\/web\/wp-json\/wp\/v2\/tags?post=33791"}],"curies":[{"name":"wp","href":"https:\/\/api.w.org\/{rel}","templated":true}]}}