{"id":33784,"date":"2025-05-15T20:11:28","date_gmt":"2025-05-15T18:11:28","guid":{"rendered":"https:\/\/bisbalpenedes.com\/web\/?p=33784"},"modified":"2025-05-16T08:51:09","modified_gmt":"2025-05-16T06:51:09","slug":"la-colla-joves-xiquets-de-valls-passara-dissabte-per-la-bisbal-de-cami-a-vilafranca-un-any-mes-la-colla-vallenca-fara-la-ruta-del-roser","status":"publish","type":"post","link":"https:\/\/bisbalpenedes.com\/web\/2025\/05\/15\/la-colla-joves-xiquets-de-valls-passara-dissabte-per-la-bisbal-de-cami-a-vilafranca-un-any-mes-la-colla-vallenca-fara-la-ruta-del-roser\/","title":{"rendered":"La Colla Joves Xiquets de Valls passar\u00e0 dissabte per la Bisbal de cam\u00ed a Vilafranca &#8211; Un any m\u00e9s, la colla vallenca far\u00e0 la Ruta del Roser"},"content":{"rendered":"\n<p>La Colla Joves Xiquets de Valls far\u00e0, un any m\u00e9s, la caminada de Valls a Vilafranca del Pened\u00e8s, sota el nom de La Ruta del Roser.<\/p>\n\n\n\n<p>Aquest dissabte 17 de maig, quan passin per la Bisbal, s\u2019aturaran a agafar forces -amb coca i cava de la Bisbal- a La Panxa del Bou (l\u2019antiga fassina), l\u2019actual local de la Colla Castellera La Bisbal del Pened\u00e8s &#8211; Bous.<\/p>\n\n\n\n<p>La seva arribada est\u00e0 prevista entre les 11:30h i les 12h aproximadament i tothom hi ser\u00e0 benvingut.<\/p>\n\n\n\n<p>La caminada \u00e9s un homenatge als avantpassats castellers que al llarg del segle XIX anaven a peu i amb carro a Vilafranca a fer castells, no nom\u00e9s per Sant F\u00e8lix sin\u00f3 que tamb\u00e9 per les festes que organitzava la Confraria de la Mare de D\u00e9u del Roser el primer diumenge de maig.<\/p>\n\n\n\n<figure class=\"wp-block-image size-large\"><img loading=\"lazy\" width=\"1024\" height=\"768\" src=\"https:\/\/bisbalpenedes.com\/web\/wp-content\/uploads\/2025\/05\/RUTA-DEL-ROSER-2024-2-1024x768.jpg\" alt=\"\" class=\"wp-image-33785\" srcset=\"https:\/\/bisbalpenedes.com\/web\/wp-content\/uploads\/2025\/05\/RUTA-DEL-ROSER-2024-2-1024x768.jpg 1024w, https:\/\/bisbalpenedes.com\/web\/wp-content\/uploads\/2025\/05\/RUTA-DEL-ROSER-2024-2-300x225.jpg 300w, https:\/\/bisbalpenedes.com\/web\/wp-content\/uploads\/2025\/05\/RUTA-DEL-ROSER-2024-2-768x576.jpg 768w, https:\/\/bisbalpenedes.com\/web\/wp-content\/uploads\/2025\/05\/RUTA-DEL-ROSER-2024-2-1536x1152.jpg 1536w, https:\/\/bisbalpenedes.com\/web\/wp-content\/uploads\/2025\/05\/RUTA-DEL-ROSER-2024-2-600x450.jpg 600w, https:\/\/bisbalpenedes.com\/web\/wp-content\/uploads\/2025\/05\/RUTA-DEL-ROSER-2024-2.jpg 2048w\" sizes=\"(max-width: 1024px) 100vw, 1024px\" \/><figcaption>Imatges d&#8217;arxiu de la caminada del 2024<\/figcaption><\/figure>\n\n\n\n<hr class=\"wp-block-separator has-alpha-channel-opacity\"\/>\n\n\n\n<p>La Colla Joves Xiquets de Valls llevar\u00e1 a cabo, un a\u00f1o m\u00e1s, la caminata de Valls a Vilafranca del Pened\u00e8s, bajo el nombre de La Ruta del Roser.<\/p>\n\n\n\n<p>Este s\u00e1bado 17 de mayo, a su paso por la Bisbal, se parar\u00e1n a coger fuerzas -con coca y cava de la Bisbal- en La Panxa del Bou (la antigua &#8216;fassina&#8217;), el actual local de la Colla Castellera La Bisbal del Pened\u00e8s &#8211; Bous.<\/p>\n\n\n\n<p>Su llegada est\u00e1 prevista entre las 11:30h y las 12h aproximadamente y todos ser\u00e9is bienvenidos.<\/p>\n\n\n\n<p>La caminata es un homenaje a los antepasados \u2018castellers\u2019 que a lo largo del siglo XIX iban a pie y con carro a Vilafranca a hacer castillos, no solamente por Sant F\u00e8lix sino tambi\u00e9n para las fiestas que organizaba la Confraria de la Mare de D\u00e9u del Roser el primer domingo de mayo.<\/p>\n","protected":false},"excerpt":{"rendered":"<p>La Colla Joves Xiquets de Valls far\u00e0, un any m\u00e9s, la caminada de Valls a Vilafranca del Pened\u00e8s, sota el nom de La Ruta del Roser. Aquest dissabte 17 de &hellip; <a href=\"https:\/\/bisbalpenedes.com\/web\/2025\/05\/15\/la-colla-joves-xiquets-de-valls-passara-dissabte-per-la-bisbal-de-cami-a-vilafranca-un-any-mes-la-colla-vallenca-fara-la-ruta-del-roser\/\" class=\"more-link\">Read More<\/a><\/p>\n","protected":false},"author":4,"featured_media":33787,"comment_status":"closed","ping_status":"closed","sticky":false,"template":"","format":"standard","meta":[],"categories":[13,8],"tags":[378,1719,1720,393,7068,451,1323],"_links":{"self":[{"href":"https:\/\/bisbalpenedes.com\/web\/wp-json\/wp\/v2\/posts\/33784"}],"collection":[{"href":"https:\/\/bisbalpenedes.com\/web\/wp-json\/wp\/v2\/posts"}],"about":[{"href":"https:\/\/bisbalpenedes.com\/web\/wp-json\/wp\/v2\/types\/post"}],"author":[{"embeddable":true,"href":"https:\/\/bisbalpenedes.com\/web\/wp-json\/wp\/v2\/users\/4"}],"replies":[{"embeddable":true,"href":"https:\/\/bisbalpenedes.com\/web\/wp-json\/wp\/v2\/comments?post=33784"}],"version-history":[{"count":3,"href":"https:\/\/bisbalpenedes.com\/web\/wp-json\/wp\/v2\/posts\/33784\/revisions"}],"predecessor-version":[{"id":33790,"href":"https:\/\/bisbalpenedes.com\/web\/wp-json\/wp\/v2\/posts\/33784\/revisions\/33790"}],"wp:featuredmedia":[{"embeddable":true,"href":"https:\/\/bisbalpenedes.com\/web\/wp-json\/wp\/v2\/media\/33787"}],"wp:attachment":[{"href":"https:\/\/bisbalpenedes.com\/web\/wp-json\/wp\/v2\/media?parent=33784"}],"wp:term":[{"taxonomy":"category","embeddable":true,"href":"https:\/\/bisbalpenedes.com\/web\/wp-json\/wp\/v2\/categories?post=33784"},{"taxonomy":"post_tag","embeddable":true,"href":"https:\/\/bisbalpenedes.com\/web\/wp-json\/wp\/v2\/tags?post=33784"}],"curies":[{"name":"wp","href":"https:\/\/api.w.org\/{rel}","templated":true}]}}