{"id":33774,"date":"2025-05-14T22:05:54","date_gmt":"2025-05-14T20:05:54","guid":{"rendered":"https:\/\/bisbalpenedes.com\/web\/?p=33774"},"modified":"2025-05-14T22:07:12","modified_gmt":"2025-05-14T20:07:12","slug":"lajuntament-ha-estar-present-a-la-jornada-sobre-els-plans-integrals-de-gestio-dels-sistemes-de-sanejament","status":"publish","type":"post","link":"https:\/\/bisbalpenedes.com\/web\/2025\/05\/14\/lajuntament-ha-estar-present-a-la-jornada-sobre-els-plans-integrals-de-gestio-dels-sistemes-de-sanejament\/","title":{"rendered":"L&#8217;Ajuntament va estar present a la jornada sobre els Plans Integrals de Gesti\u00f3 dels Sistemes de Sanejament"},"content":{"rendered":"\n<p>El passat 8 d&#8217;abril, l&#8217;alcaldessa Agn\u00e8s Ferr\u00e9 va assistir, juntament amb dos t\u00e8cnics municipals, a la reuni\u00f3 t\u00e8cnica i pol\u00edtica per abordar els Plans Integrals de Gesti\u00f3 dels Sistemes de Sanejament (PIGSS) que va organitzar el Consell Comarcal del Baix Pened\u00e8s.<\/p>\n\n\n\n<p>Els PIGSS s\u00f3n una normativa clau que t\u00e9 l&#8217;objectiu d&#8217;ordenar i millorar la gesti\u00f3 de tots els residus. Els ajuntaments hauran d&#8217;elaborar un Pla de Gesti\u00f3 Integral dels Sistemes de Sanejament per manament del nou Reglament de Domini P\u00fablic Hidr\u00e0ulic. La redacci\u00f3 d&#8217;aquests plans implicar\u00e0 la m\u00e0xima coordinaci\u00f3 entre administracions, ja que afectaran en bona part les inversions en sanejament i pluvials.<\/p>\n\n\n\n<p>L&#8217;obertura de la jornada va anar a c\u00e0rrec del president del Consell Comarcal del Baix Pened\u00e8s, Ramon Ferr\u00e9, que va destacar la import\u00e0ncia d&#8217;impulsar pol\u00edtiques de sanejament eficients i sostenibles. Quant a la pon\u00e8ncia de la jornada, aquesta va anar a c\u00e0rrec de Pere Malgrat, consultor estrat\u00e8gic en drenatge urb\u00e0 i resili\u00e8ncia i Xavier Vicen\u00e7, cap del Departament de Protecci\u00f3 del Medi de l&#8217;Ag\u00e8ncia Catalana de l&#8217;Aigua. La cloenda va anar a c\u00e0rrec del cap del Departament de Medi Ambient del Consell Comarcal del Baix Pened\u00e8s, Arnau Triad\u00fa, que va parlar de la implantaci\u00f3 pr\u00e0ctica del PIGSS a la comarca.<\/p>\n\n\n\n<hr class=\"wp-block-separator has-alpha-channel-opacity\"\/>\n\n\n\n<p>El pasado 8 de abril, la alcaldesa Agn\u00e8s Ferr\u00e9 asisti\u00f3, junto con dos t\u00e9cnicos municipales, a la reuni\u00f3n t\u00e9cnica y pol\u00edtica para abordar los Planes Integrales de Gesti\u00f3n de los Sistemas de Saneamiento (PIGSS) que organiz\u00f3 el Consell Comarcal del Baix Pened\u00e8s.<\/p>\n\n\n\n<p>Los PIGSS son una normativa clave que tiene el objetivo de ordenar y mejorar la gesti\u00f3n de todos los residuos. Los ayuntamientos deber\u00e1n elaborar un Plan de Gesti\u00f3n Integral de los Sistemas de Saneamiento por mandamiento del nuevo Reglamento de Dominio P\u00fablico Hidr\u00e1ulico. La redacci\u00f3n de estos planes implicar\u00e1 la m\u00e1xima coordinaci\u00f3n entre administraciones, ya que afectar\u00e1n en buena parte a las inversiones en saneamiento y pluviales.<\/p>\n\n\n\n<p>La apertura de la jornada fue a cargo del presidente del Consell Comarcal del Baix Pened\u00e8s, Ramon Ferr\u00e9, que destac\u00f3 la importancia de impulsar pol\u00edticas de saneamiento eficientes y sostenibles. En cuanto a la ponencia de la jornada, esta fue a cargo de Pere Malgrat, consultor estrat\u00e9gico en drenaje urbano y resiliencia y Xavier Vicen\u00e7, jefe del Departamento de Protecci\u00f3n del Medio de la Ag\u00e8ncia Catalana de l&#8217;Aigua. La clausura fue a cargo del jefe del Departament de Medi Ambient del Consell Comarcal del Baix Pened\u00e8s, Arnau Triad\u00fa, que habl\u00f3 de la implantaci\u00f3n pr\u00e1ctica del PIGSS en la comarca.<\/p>\n","protected":false},"excerpt":{"rendered":"<p>El passat 8 d&#8217;abril, l&#8217;alcaldessa Agn\u00e8s Ferr\u00e9 va assistir, juntament amb dos t\u00e8cnics municipals, a la reuni\u00f3 t\u00e8cnica i pol\u00edtica per abordar els Plans Integrals de Gesti\u00f3 dels Sistemes de &hellip; <a href=\"https:\/\/bisbalpenedes.com\/web\/2025\/05\/14\/lajuntament-ha-estar-present-a-la-jornada-sobre-els-plans-integrals-de-gestio-dels-sistemes-de-sanejament\/\" class=\"more-link\">Read More<\/a><\/p>\n","protected":false},"author":4,"featured_media":33775,"comment_status":"closed","ping_status":"closed","sticky":false,"template":"","format":"standard","meta":[],"categories":[2057,32,8],"tags":[459,393,7066,7067],"_links":{"self":[{"href":"https:\/\/bisbalpenedes.com\/web\/wp-json\/wp\/v2\/posts\/33774"}],"collection":[{"href":"https:\/\/bisbalpenedes.com\/web\/wp-json\/wp\/v2\/posts"}],"about":[{"href":"https:\/\/bisbalpenedes.com\/web\/wp-json\/wp\/v2\/types\/post"}],"author":[{"embeddable":true,"href":"https:\/\/bisbalpenedes.com\/web\/wp-json\/wp\/v2\/users\/4"}],"replies":[{"embeddable":true,"href":"https:\/\/bisbalpenedes.com\/web\/wp-json\/wp\/v2\/comments?post=33774"}],"version-history":[{"count":3,"href":"https:\/\/bisbalpenedes.com\/web\/wp-json\/wp\/v2\/posts\/33774\/revisions"}],"predecessor-version":[{"id":33778,"href":"https:\/\/bisbalpenedes.com\/web\/wp-json\/wp\/v2\/posts\/33774\/revisions\/33778"}],"wp:featuredmedia":[{"embeddable":true,"href":"https:\/\/bisbalpenedes.com\/web\/wp-json\/wp\/v2\/media\/33775"}],"wp:attachment":[{"href":"https:\/\/bisbalpenedes.com\/web\/wp-json\/wp\/v2\/media?parent=33774"}],"wp:term":[{"taxonomy":"category","embeddable":true,"href":"https:\/\/bisbalpenedes.com\/web\/wp-json\/wp\/v2\/categories?post=33774"},{"taxonomy":"post_tag","embeddable":true,"href":"https:\/\/bisbalpenedes.com\/web\/wp-json\/wp\/v2\/tags?post=33774"}],"curies":[{"name":"wp","href":"https:\/\/api.w.org\/{rel}","templated":true}]}}