{"id":33768,"date":"2025-05-14T19:51:48","date_gmt":"2025-05-14T17:51:48","guid":{"rendered":"https:\/\/bisbalpenedes.com\/web\/?p=33768"},"modified":"2025-05-14T21:58:32","modified_gmt":"2025-05-14T19:58:32","slug":"lalcaldessa-de-la-bisbal-va-assistir-al-consell-rector-del-consorci-per-a-latencio-social-i-a-la-dependencia-de-la-xarxa-santa-tecla","status":"publish","type":"post","link":"https:\/\/bisbalpenedes.com\/web\/2025\/05\/14\/lalcaldessa-de-la-bisbal-va-assistir-al-consell-rector-del-consorci-per-a-latencio-social-i-a-la-dependencia-de-la-xarxa-santa-tecla\/","title":{"rendered":"<strong>L&#8217;alcaldessa de la Bisbal va assistir al Consell Rector del Consorci per a l&#8217;Atenci\u00f3 Social i a la Depend\u00e8ncia de la Xarxa Santa Tecla<\/strong>"},"content":{"rendered":"\n<p>El passat dimarts 8 d&#8217;abril, l&#8217;alcaldessa Agn\u00e8s Ferr\u00e9 va assistir, convidada pel Consorci per a l&#8217;Atenci\u00f3 Social i a la Depend\u00e8ncia, al Consell Rector del Consorci per a l&#8217;Atenci\u00f3 Social i a la Depend\u00e8ncia, que es va celebrar a l&#8217;edifici Tabaris de Coma-ruga.<\/p>\n\n\n\n<p>Aquest estament est\u00e0 constitu\u00eft per als ajuntaments del Vendrell i Tarragona, els respectius Consells Comarcals (Baix Pened\u00e8s i Tarragon\u00e8s) i la Xarxa Santa Tecla, Sanit\u00e0ria, Social i Docent. Durant la trobada del passat 8 d&#8217;abril s&#8217;hi van tractar q\u00fcestions que afecten a tota la comarca i, per aquest motiu, els alcaldes i alcaldesses del territori van ser convidats a la reuni\u00f3. Entre els temes que s&#8217;hi van tractar destaquen les obres d&#8217;ampliaci\u00f3 de l&#8217;Hospital Comarcal del Vendrell, aix\u00ed com els serveis vinculats a aquest, com ara l&#8217;aparcament.<\/p>\n\n\n\n<p>L&#8217;alcaldessa bisbalenca s&#8217;ha mostrat agra\u00efda pel fet que <em>&#8220;comptin amb els municipis petits a l&#8217;hora d&#8217;abordar aquestes q\u00fcestions que tenen afectacions directes a tota la comarca. La millora i ampliaci\u00f3 dels serveis sanitaris i m\u00e8dics a la comarca \u00e9s una necessitat hist\u00f2rica i la demanda de serveis ha anat en augment, tenint en compte l&#8217;increment de poblaci\u00f3 que hem experimentat, a la nostra zona, durant els darrers anys&#8221;.<\/em><\/p>\n\n\n\n<hr class=\"wp-block-separator has-alpha-channel-opacity\"\/>\n\n\n\n<p>El pasado martes 8 de abril, la alcaldesa Agn\u00e8s Ferr\u00e9 asisiti\u00f3, invitada por el Consorci per a l&#8217;Atenci\u00f3 Social i a la Depend\u00e8ncia, al Consell Rector del Consorci per a l&#8217;Atenci\u00f3 Social i a la Depend\u00e8ncia, que se celebr\u00f3 en el edificio Tabaris de Coma-ruga.<\/p>\n\n\n\n<p>Este estamento est\u00e1 constituido por los ayuntamientos del Vendrell y Tarragona, los respectivos Consells Comarcals (Baix Pened\u00e8s i Tarragon\u00e8s) y la Xarxa Santa Tecla, Sanit\u00e0ria, Social i Docent. Durante el encuentro del pasado 8 de abril se trataron cuestiones que afectan a toda la comarca y por este motivo, los alcaldes y alcaldesas del territorio fuero invitados a la reuni\u00f3n. Entre los temas que se trataron destacan las obras de ampliaci\u00f3n del Hospital Comarcal del Vendrell, as\u00ed como los servicios vinculados a este, como por ejemplo el aparcamiento.<\/p>\n\n\n\n<p>La alcaldesa bisbalenca se ha mostrado agradecida por el hecho de que &#8220;cuenten con los municipios peque\u00f1os a la hora de abordar estas cuestiones que tienen afectaciones directas en toda la comarca. La mejora y ampliaci\u00f3n de los servicios sanitarios y m\u00e9dicos en la comarca es una necesidad hist\u00f3rica y la demanda de servicios ha ido en aumento, teniendo en cuenta el incremento de poblaci\u00f3n que hemos experimentado, en nuestra zona, durante los \u00faltimos a\u00f1os&#8221;.<\/p>\n","protected":false},"excerpt":{"rendered":"<p>El passat dimarts 8 d&#8217;abril, l&#8217;alcaldessa Agn\u00e8s Ferr\u00e9 va assistir, convidada pel Consorci per a l&#8217;Atenci\u00f3 Social i a la Depend\u00e8ncia, al Consell Rector del Consorci per a l&#8217;Atenci\u00f3 Social &hellip; <a href=\"https:\/\/bisbalpenedes.com\/web\/2025\/05\/14\/lalcaldessa-de-la-bisbal-va-assistir-al-consell-rector-del-consorci-per-a-latencio-social-i-a-la-dependencia-de-la-xarxa-santa-tecla\/\" class=\"more-link\">Read More<\/a><\/p>\n","protected":false},"author":4,"featured_media":33772,"comment_status":"closed","ping_status":"closed","sticky":false,"template":"","format":"standard","meta":[],"categories":[2057,8,14],"tags":[459,393,1374,3584],"_links":{"self":[{"href":"https:\/\/bisbalpenedes.com\/web\/wp-json\/wp\/v2\/posts\/33768"}],"collection":[{"href":"https:\/\/bisbalpenedes.com\/web\/wp-json\/wp\/v2\/posts"}],"about":[{"href":"https:\/\/bisbalpenedes.com\/web\/wp-json\/wp\/v2\/types\/post"}],"author":[{"embeddable":true,"href":"https:\/\/bisbalpenedes.com\/web\/wp-json\/wp\/v2\/users\/4"}],"replies":[{"embeddable":true,"href":"https:\/\/bisbalpenedes.com\/web\/wp-json\/wp\/v2\/comments?post=33768"}],"version-history":[{"count":1,"href":"https:\/\/bisbalpenedes.com\/web\/wp-json\/wp\/v2\/posts\/33768\/revisions"}],"predecessor-version":[{"id":33770,"href":"https:\/\/bisbalpenedes.com\/web\/wp-json\/wp\/v2\/posts\/33768\/revisions\/33770"}],"wp:featuredmedia":[{"embeddable":true,"href":"https:\/\/bisbalpenedes.com\/web\/wp-json\/wp\/v2\/media\/33772"}],"wp:attachment":[{"href":"https:\/\/bisbalpenedes.com\/web\/wp-json\/wp\/v2\/media?parent=33768"}],"wp:term":[{"taxonomy":"category","embeddable":true,"href":"https:\/\/bisbalpenedes.com\/web\/wp-json\/wp\/v2\/categories?post=33768"},{"taxonomy":"post_tag","embeddable":true,"href":"https:\/\/bisbalpenedes.com\/web\/wp-json\/wp\/v2\/tags?post=33768"}],"curies":[{"name":"wp","href":"https:\/\/api.w.org\/{rel}","templated":true}]}}