{"id":33762,"date":"2025-05-13T17:07:40","date_gmt":"2025-05-13T15:07:40","guid":{"rendered":"https:\/\/bisbalpenedes.com\/web\/?p=33762"},"modified":"2026-03-12T15:16:53","modified_gmt":"2026-03-12T13:16:53","slug":"la-bisbal-balla-el-diumenge-25-de-maig-a-lescola-ull-de-vent","status":"publish","type":"post","link":"https:\/\/bisbalpenedes.com\/web\/2025\/05\/13\/la-bisbal-balla-el-diumenge-25-de-maig-a-lescola-ull-de-vent\/","title":{"rendered":"&#8220;La Bisbal Balla&#8221; el diumenge 25 de maig a l&#8217;escola Ull de Vent"},"content":{"rendered":"\n<p>Un any m\u00e9s, l&#8217;Ajuntament de la Bisbal del Pened\u00e8s i Mi ser Bienestar organitzen &#8220;La Bisbal Balla&#8221;, una jornada que vol homenatjar la dansa en molts dels seus formats, estils i formes.<\/p>\n\n\n\n<p>Us avancem el programa i esperem que us reserveu la data per venir a gaudir d&#8217;una jornada fant\u00e0stica a l&#8217;escola Ull de Vent.<\/p>\n\n\n\n<p>Durant tot el dia, la Colla Castellera La Bisbal del Pened\u00e8s &#8211; Bous disposar\u00e0 d&#8217;una barra on oferir\u00e0 beguda i menjar als assistents.<\/p>\n\n\n\n<p>La Regidora de Cultura, Judith Vidal, ha explicat que <em>&#8220;aquesta ja ha esdevingut una cita fixa al calendari bisbalenc que fa valdre la dansa, el ritme i el moviment corporal com a expressi\u00f3 art\u00edstica&#8221;.<\/em> Vidal ha afegit que <em>&#8220;tenim la sort de comptar amb grans balladors i balladores al municipi, entre elles la Milena, amb qui organitzem aquest esdeveniment que any rere any \u00e9s tot un \u00e8xit de participaci\u00f3 i de p\u00fablic&#8221;.<\/em><\/p>\n\n\n\n<p>L\u2019Ajuntament de la Bisbal del Pened\u00e8s ha desplegat durant el 2025 un conjunt d\u2019actuacions de Cultura \u00a0Aquestes accions han comptat amb el suport econ\u00f2mic del Pla Impulsa 2024\u20132027 de la Diputaci\u00f3 de Tarragona, que ha concedit 11.897,63 \u20ac \u00a0per dur-les a terme.<\/p>\n\n\n\n<p class=\"has-vivid-cyan-blue-color has-text-color\"><strong>Amb el suport de @Dipta_cat<\/strong><br><\/p>\n\n\n\n<figure class=\"wp-block-image size-large is-resized\"><img loading=\"lazy\" src=\"https:\/\/bisbalpenedes.com\/web\/wp-content\/uploads\/2024\/11\/impuls_dipta_marca-1024x327.png\" alt=\"\" class=\"wp-image-32371\" width=\"256\" height=\"82\" srcset=\"https:\/\/bisbalpenedes.com\/web\/wp-content\/uploads\/2024\/11\/impuls_dipta_marca-1024x327.png 1024w, https:\/\/bisbalpenedes.com\/web\/wp-content\/uploads\/2024\/11\/impuls_dipta_marca-300x96.png 300w, https:\/\/bisbalpenedes.com\/web\/wp-content\/uploads\/2024\/11\/impuls_dipta_marca-768x245.png 768w, https:\/\/bisbalpenedes.com\/web\/wp-content\/uploads\/2024\/11\/impuls_dipta_marca-600x191.png 600w, https:\/\/bisbalpenedes.com\/web\/wp-content\/uploads\/2024\/11\/impuls_dipta_marca.png 1128w\" sizes=\"(max-width: 256px) 100vw, 256px\" \/><\/figure>\n\n\n\n<p>#Cultura #labisbaldelpenedes #ImpulsDipta \u201cAmb el suport de @Dipta_cat\u201d<\/p>\n\n\n\n<p><br><br><\/p>\n\n\n\n<figure class=\"wp-block-image size-large\"><img loading=\"lazy\" width=\"724\" height=\"1024\" src=\"https:\/\/bisbalpenedes.com\/web\/wp-content\/uploads\/2025\/05\/SWING-BALLA-OPT-724x1024.jpg\" alt=\"\" class=\"wp-image-33764\" srcset=\"https:\/\/bisbalpenedes.com\/web\/wp-content\/uploads\/2025\/05\/SWING-BALLA-OPT-724x1024.jpg 724w, https:\/\/bisbalpenedes.com\/web\/wp-content\/uploads\/2025\/05\/SWING-BALLA-OPT-212x300.jpg 212w, https:\/\/bisbalpenedes.com\/web\/wp-content\/uploads\/2025\/05\/SWING-BALLA-OPT-768x1086.jpg 768w, https:\/\/bisbalpenedes.com\/web\/wp-content\/uploads\/2025\/05\/SWING-BALLA-OPT-1086x1536.jpg 1086w, https:\/\/bisbalpenedes.com\/web\/wp-content\/uploads\/2025\/05\/SWING-BALLA-OPT-600x849.jpg 600w, https:\/\/bisbalpenedes.com\/web\/wp-content\/uploads\/2025\/05\/SWING-BALLA-OPT.jpg 1448w\" sizes=\"(max-width: 724px) 100vw, 724px\" \/><\/figure>\n\n\n\n<hr class=\"wp-block-separator has-alpha-channel-opacity\"\/>\n\n\n\n<p><strong>CASTELLANO |&nbsp;<\/strong>Un a\u00f1o m\u00e1s, el Ajuntament de La Bisbal del Pened\u00e8s y Mi ser Bienestar organizan &#8220;La Bisbal Balla&#8221;, una jornada que quiere homenajear la danza en muchos de sus formatos, estilos y formas.<\/p>\n\n\n\n<p>Os avanzamos el programa y esperamos que os reserv\u00e9is la fecha para venir a disfrutar de una jornada fant\u00e1stica en la escuela Ull de Vent.<\/p>\n\n\n\n<p>Durante todo el d\u00eda, la Colla Castellera la Bisbal del Pened\u00e8s &#8211; Bous dispondr\u00e1 de una barra donde ofrecer\u00e1 bebida y comida a los asistentes.<\/p>\n\n\n\n<p>La Concejala de Cultura, Judith Vidal, ha explicado que <em>&#8220;esta ya se ha convertido en una cita fija en el calendario bisbalenc que pone en valor la danza, el ritmo y el movimiento corporal como expresi\u00f3n art\u00edstica&#8221;<\/em>. Vidal ha a\u00f1adido que <em>&#8220;tenemos la suerte de contar con grandes bailadores y bailadoras en el municipio, entre ellas Milena, con quien organizamos este evento que a\u00f1o tras a\u00f1o es todo un \u00e9xito de participaci\u00f3n y de p\u00fablico&#8221;.<\/em><\/p>\n\n\n\n<p><\/p>\n","protected":false},"excerpt":{"rendered":"<p>Un any m\u00e9s, l&#8217;Ajuntament de la Bisbal del Pened\u00e8s i Mi ser Bienestar organitzen &#8220;La Bisbal Balla&#8221;, una jornada que vol homenatjar la dansa en molts dels seus formats, estils &hellip; <a href=\"https:\/\/bisbalpenedes.com\/web\/2025\/05\/13\/la-bisbal-balla-el-diumenge-25-de-maig-a-lescola-ull-de-vent\/\" class=\"more-link\">Read More<\/a><\/p>\n","protected":false},"author":4,"featured_media":33763,"comment_status":"closed","ping_status":"closed","sticky":false,"template":"","format":"standard","meta":[],"categories":[2942,13,8],"tags":[459,2954,378,668,3977,225,393,7065],"_links":{"self":[{"href":"https:\/\/bisbalpenedes.com\/web\/wp-json\/wp\/v2\/posts\/33762"}],"collection":[{"href":"https:\/\/bisbalpenedes.com\/web\/wp-json\/wp\/v2\/posts"}],"about":[{"href":"https:\/\/bisbalpenedes.com\/web\/wp-json\/wp\/v2\/types\/post"}],"author":[{"embeddable":true,"href":"https:\/\/bisbalpenedes.com\/web\/wp-json\/wp\/v2\/users\/4"}],"replies":[{"embeddable":true,"href":"https:\/\/bisbalpenedes.com\/web\/wp-json\/wp\/v2\/comments?post=33762"}],"version-history":[{"count":4,"href":"https:\/\/bisbalpenedes.com\/web\/wp-json\/wp\/v2\/posts\/33762\/revisions"}],"predecessor-version":[{"id":36729,"href":"https:\/\/bisbalpenedes.com\/web\/wp-json\/wp\/v2\/posts\/33762\/revisions\/36729"}],"wp:featuredmedia":[{"embeddable":true,"href":"https:\/\/bisbalpenedes.com\/web\/wp-json\/wp\/v2\/media\/33763"}],"wp:attachment":[{"href":"https:\/\/bisbalpenedes.com\/web\/wp-json\/wp\/v2\/media?parent=33762"}],"wp:term":[{"taxonomy":"category","embeddable":true,"href":"https:\/\/bisbalpenedes.com\/web\/wp-json\/wp\/v2\/categories?post=33762"},{"taxonomy":"post_tag","embeddable":true,"href":"https:\/\/bisbalpenedes.com\/web\/wp-json\/wp\/v2\/tags?post=33762"}],"curies":[{"name":"wp","href":"https:\/\/api.w.org\/{rel}","templated":true}]}}