{"id":33756,"date":"2025-05-13T16:42:06","date_gmt":"2025-05-13T14:42:06","guid":{"rendered":"https:\/\/bisbalpenedes.com\/web\/?p=33756"},"modified":"2025-05-13T16:43:02","modified_gmt":"2025-05-13T14:43:02","slug":"2a-jornada-de-pedra-seca-del-baix-penedes","status":"publish","type":"post","link":"https:\/\/bisbalpenedes.com\/web\/2025\/05\/13\/2a-jornada-de-pedra-seca-del-baix-penedes\/","title":{"rendered":"2a Jornada de pedra seca del Baix Pened\u00e8s &#8211; 31 de maig de 2025"},"content":{"rendered":"\n<p>El 31 de maig celebrarem la 2a Jornada de pedra seca del Baix Pened\u00e8s.<\/p>\n\n\n\n<p>Gaudiu d&#8217;una jornada completa dedicada a la nostra tradici\u00f3 de pedra seca:<\/p>\n\n\n\n<ul><li>Caminada familiar a la Roja i les Pubilles amb visita a barraques i demostraci\u00f3 de reconstrucci\u00f3. Sortida a les 9h (Cal portar esmorzar i aigua!)<\/li><li>Visita a Torclum Oli d&#8217;Oliva amb xerrada i degustaci\u00f3 (12h)<\/li><li>Dinar amb fideuada a la Sala Gran del CMC (14h)<\/li><li>Xerrada i documental sobre la pedra seca al Baix Pened\u00e8s a c\u00e0rrec d&#8217;Abraham Guillem, amb copa de cava per cloure (17h)<\/li><\/ul>\n\n\n\n<p>Preu: 18\u20ac (Pagament via Bizum al 639 721 275)<br>\u00daltim dia de reserves: 28 de maig<\/p>\n\n\n\n<p>M\u00e9s informaci\u00f3: 616162253 (Judith)<\/p>\n\n\n\n<hr class=\"wp-block-separator has-alpha-channel-opacity\"\/>\n\n\n\n<p>El 31 de mayo celebraremos la 2\u00aa Jornada de pedra seca del Baix Pened\u00e8s.<\/p>\n\n\n\n<p>Disfrutad de una jornada completa dedicada a nuestra tradici\u00f3n de piedra seca:<\/p>\n\n\n\n<ul><li>Caminata familiar a La Roja y Les Pubilles con visita a barracas y demostraci\u00f3n de reconstrucci\u00f3n. Salida a las 9h (\u00a1Hay que llevar almuerzo y agua!)<\/li><li>Visita a Torclum Oli d&#8217;Oliva con charla y degustaci\u00f3n (12h)<\/li><li>Comida con fideu\u00e1 en la Sala Gran del CMC (14h)<\/li><li>Charla y documental sobre la piedra seca en el Baix Pened\u00e8s a cargo de Abraham Guillem, con copa de cava para finalizar (17h)<\/li><\/ul>\n\n\n\n<p>Precio: 18\u20ac (Pago v\u00eda Bizum al 639 721 275)<br>\u00daltimo d\u00eda de reservas: 28 de mayo<\/p>\n\n\n\n<p>M\u00e1s informaci\u00f3n: 616162253 (Judith)<\/p>\n","protected":false},"excerpt":{"rendered":"<p>El 31 de maig celebrarem la 2a Jornada de pedra seca del Baix Pened\u00e8s. Gaudiu d&#8217;una jornada completa dedicada a la nostra tradici\u00f3 de pedra seca: Caminada familiar a la &hellip; <a href=\"https:\/\/bisbalpenedes.com\/web\/2025\/05\/13\/2a-jornada-de-pedra-seca-del-baix-penedes\/\" class=\"more-link\">Read More<\/a><\/p>\n","protected":false},"author":4,"featured_media":33757,"comment_status":"closed","ping_status":"closed","sticky":false,"template":"","format":"standard","meta":[],"categories":[13,8,7061],"tags":[3024,1202,7064,393,7062,7063,2531,352,2517],"_links":{"self":[{"href":"https:\/\/bisbalpenedes.com\/web\/wp-json\/wp\/v2\/posts\/33756"}],"collection":[{"href":"https:\/\/bisbalpenedes.com\/web\/wp-json\/wp\/v2\/posts"}],"about":[{"href":"https:\/\/bisbalpenedes.com\/web\/wp-json\/wp\/v2\/types\/post"}],"author":[{"embeddable":true,"href":"https:\/\/bisbalpenedes.com\/web\/wp-json\/wp\/v2\/users\/4"}],"replies":[{"embeddable":true,"href":"https:\/\/bisbalpenedes.com\/web\/wp-json\/wp\/v2\/comments?post=33756"}],"version-history":[{"count":2,"href":"https:\/\/bisbalpenedes.com\/web\/wp-json\/wp\/v2\/posts\/33756\/revisions"}],"predecessor-version":[{"id":33759,"href":"https:\/\/bisbalpenedes.com\/web\/wp-json\/wp\/v2\/posts\/33756\/revisions\/33759"}],"wp:featuredmedia":[{"embeddable":true,"href":"https:\/\/bisbalpenedes.com\/web\/wp-json\/wp\/v2\/media\/33757"}],"wp:attachment":[{"href":"https:\/\/bisbalpenedes.com\/web\/wp-json\/wp\/v2\/media?parent=33756"}],"wp:term":[{"taxonomy":"category","embeddable":true,"href":"https:\/\/bisbalpenedes.com\/web\/wp-json\/wp\/v2\/categories?post=33756"},{"taxonomy":"post_tag","embeddable":true,"href":"https:\/\/bisbalpenedes.com\/web\/wp-json\/wp\/v2\/tags?post=33756"}],"curies":[{"name":"wp","href":"https:\/\/api.w.org\/{rel}","templated":true}]}}