{"id":33749,"date":"2025-05-13T09:51:08","date_gmt":"2025-05-13T07:51:08","guid":{"rendered":"https:\/\/bisbalpenedes.com\/web\/?p=33749"},"modified":"2025-05-13T09:51:08","modified_gmt":"2025-05-13T07:51:08","slug":"en-marxa-el-primer-pla-municipal-de-lectura-de-la-bisbal-del-penedes","status":"publish","type":"post","link":"https:\/\/bisbalpenedes.com\/web\/2025\/05\/13\/en-marxa-el-primer-pla-municipal-de-lectura-de-la-bisbal-del-penedes\/","title":{"rendered":"En marxa el primer Pla Municipal de Lectura de la Bisbal del Pened\u00e8s"},"content":{"rendered":"\n<p>L\u2019Ajuntament de la Bisbal del Pened\u00e8s ha iniciat els treballs per a l\u2019elaboraci\u00f3 del seu primer&nbsp;<strong>Pla de Lectura Municipal (PLM)<\/strong>, un instrument que s\u2019emmarca dins de les actuacions del Pla Nacional del Llibre i la Lectura i que vol posar la lectura al centre de la vida cultural, educativa i comunit\u00e0ria del municipi. El Pla s&#8217;elaborar\u00e0 durant els pr\u00f2xims mesos i es presentar\u00e0 a finals d&#8217;aquest any.<\/p>\n\n\n\n<p>L&#8217;any 2024, l\u2019Ajuntament va redactar un projecte per presentar a les subvencions obertes per primera vegada per la Generalitat, essent un dels 15 municipis de la demarcaci\u00f3 de Tarragona en rebre un ajut per la redacci\u00f3 del Pla per valor de 3.000\u20ac. El projecte neix amb voluntat participativa i transformadora per tal de fomentar l\u2019h\u00e0bit lector entre tots els p\u00fablics i generar noves oportunitats d\u2019acc\u00e9s a la lectura. Per aquest motiu, el proc\u00e9s d\u2019elaboraci\u00f3 del pla, que ha comen\u00e7at aquest mes d\u2019abril i es dur\u00e0 a terme al llarg dels pr\u00f2xims mesos, ser\u00e0 de<strong>&nbsp;car\u00e0cter participatiu.<\/strong>&nbsp;Aix\u00ed, es convidar\u00e0 entitats, centres educatius, serveis p\u00fablics, agents culturals i tota la ciutadania a fer sentir la seva veu a trav\u00e9s d\u2019espais de participaci\u00f3&nbsp;<strong>oberts<\/strong>.<\/p>\n\n\n\n<p>Des de l\u2019equip impulsor, format per la biblioteca p\u00fablica i la Regidoria de Cultura, es destaca que es vol&nbsp;<em>\u201cque el Pla de Lectura sigui una eina realista i compartida, que reflecteixi les necessitats i potencialitats de la Bisbal i que ajudi a construir una comunitat lectora activa i vinculada amb el municipi\u201d,&nbsp;<\/em>per la qual cosa l\u2019Ajuntament ha subscrit recentment un contracte amb l\u2019empresa AVENIR, la qual ja ha redactat diversos plans per la Ger\u00e8ncia de Biblioteques de la Diputaci\u00f3 de Barcelona, per donar suport al projecte.<\/p>\n\n\n\n<p>El PLM permetr\u00e0 definir&nbsp;<strong>objectius, l\u00ednies d\u2019acci\u00f3 i mecanismes de coordinaci\u00f3<\/strong>&nbsp;per fer cr\u00e9ixer la lectura en tots els \u00e0mbits: l\u2019escola i l\u2019institut, la biblioteca, les entitats i els espais de trobada. Tamb\u00e9 trobar la forma per vincular aquells col\u00b7lectius amb menys acc\u00e9s a la lectura i enfortir el sentiment de pertinen\u00e7a al territori, promovent&nbsp;<strong>la inclusi\u00f3 i<\/strong>&nbsp;<strong>la proximitat<\/strong>.<\/p>\n\n\n\n<p>El Pla de Lectura Municipal de la Bisbal del Pened\u00e8s es presentar\u00e0 p\u00fablicament en un acte a finals d\u2019aquest any 2025 i est\u00e0 previst que pugui servir com a eina rectora de l\u2019estat de la lectura a la Bisbal durant els propers anys. &nbsp;Durant els pr\u00f2xims mesos es donaran a con\u00e8ixer les primeres accions de participaci\u00f3 i els espais de comunicaci\u00f3 per participar en el projecte. &nbsp;<\/p>\n\n\n\n<p>Si voleu participar en l\u2019elaboraci\u00f3 del pla o obtenir m\u00e9s informaci\u00f3, podeu contactar amb el correu:&nbsp;<a href=\"mailto:plm@bisbalpenedes.com\">plm@bisbalpenedes.com<\/a><\/p>\n\n\n\n<hr class=\"wp-block-separator has-alpha-channel-opacity\"\/>\n\n\n\n<p><strong>En marcha el primer Plan Municipal de Lectura de la Bisbal del Pened\u00e8s<\/strong><\/p>\n\n\n\n<p>El Ajuntament de la Bisbal el Pened\u00e8s ha iniciado los trabajos para la elaboraci\u00f3n de su primer&nbsp;<strong>Plan de Lectura Municipal (PLM),<\/strong>&nbsp;un instrumento que se enmarca dentro de las actuaciones del Plan Nacional del Llibre i la Lectura y que quiere poner la lectura en el centro de la vida cultural, educativa y comunitaria del municipio. El Plan se elaborar\u00e1 durante los pr\u00f3ximos meses y se presentar\u00e1 a finales de este a\u00f1o.<\/p>\n\n\n\n<p>En el a\u00f1o 2024, el Ayuntamiento redact\u00f3 un proyecto para presentar a las subvenciones abiertas por primera vez para la Generalitat, siendo uno de los 15 municipios de la demarcaci\u00f3n de Tarragona en recibir una ayuda para la redacci\u00f3n del Plan por valor de 3.000\u20ac. El proyecto nace con voluntad participativa y transformadora con tal de fomentar el h\u00e1bito lector entre todos los p\u00fablicos y generar nuevas oportunidades de acceso a la lectura. Por este motivo, el proceso de elaboraci\u00f3n del plan, que ha empezado este mes de abril y que se llevar\u00e1 a cabo a lo largo de los pr\u00f3ximos meses, ser\u00e1 de&nbsp;<strong>car\u00e1cter participativo<\/strong>. As\u00ed, se invitar\u00e1 a entidades, centros educativos, servicios p\u00fablicos, agentes culturales y a toda la ciudadan\u00eda a hacer sentir su voz a trav\u00e9s de espacios de participaci\u00f3n&nbsp;<strong>abiertos.<\/strong><\/p>\n\n\n\n<p>Desde el equipo impulsor, formado por la biblioteca p\u00fablica y la Regidoria de Cultura, se destaca que se quiere &#8220;que el Plan de Lectura sea una herramienta realista y compartida, que refleje las necesidades y potencialidades de la Bisbal y que ayude a construir una comunidad lectora activa y vinculada con el municipio&#8221;, por la cual cosa el Ajuntament ha suscrito recientemente un contrato con la empresa AVENIR, la cual ya ha redactado varios planes para la Ger\u00e8ncia de Biblioteques de la Diputaci\u00f3 de Barcelona, para brindar apoyo al proyecto.<\/p>\n\n\n\n<p>El PLM permitir\u00e1 definir&nbsp;<strong>objetivos, l\u00edneas de acci\u00f3n y mecanismos de coordinaci\u00f3n&nbsp;<\/strong>para hacer crecer la lectura en todos los \u00e1mbitos: la escuela y el instituto, la biblioteca, las entidades y los espacios de encuentro. Tambi\u00e9n encontrar la manera de vincular aquellos colectivos con menos acceso a la lectura y fortalecer el sentimiento de pertenencia al territorio, promoviendo&nbsp;<strong>la inclusi\u00f3n y la proximidad.<\/strong><\/p>\n\n\n\n<p>El Plan de Lectura Municipal de la Bisbal del Pened\u00e8s se presentar\u00e1 p\u00fablicamente en un acto a finales de este a\u00f1o 2025 y est\u00e1 previsto que pueda servir como herramienta rectora del estado de la lectura en la Bisbal durante los a\u00f1os venideros. Durante los pr\u00f3ximos meses se dar\u00e1n a conocer las primeras acciones de participaci\u00f3n y los espacios de comunicaci\u00f3n para participar en el proyecto.<\/p>\n\n\n\n<p>Si quer\u00e9is participar en la elaboraci\u00f3n del plan u obtener m\u00e1s informaci\u00f3n, pod\u00e9is contactar con el correo:&nbsp;<a href=\"mailto:plm@bisbalpenedes.com\">plm@bisbalpenedes.com<\/a><\/p>\n","protected":false},"excerpt":{"rendered":"<p>L\u2019Ajuntament de la Bisbal del Pened\u00e8s ha iniciat els treballs per a l\u2019elaboraci\u00f3 del seu primer&nbsp;Pla de Lectura Municipal (PLM), un instrument que s\u2019emmarca dins de les actuacions del Pla &hellip; <a href=\"https:\/\/bisbalpenedes.com\/web\/2025\/05\/13\/en-marxa-el-primer-pla-municipal-de-lectura-de-la-bisbal-del-penedes\/\" class=\"more-link\">Read More<\/a><\/p>\n","protected":false},"author":4,"featured_media":33750,"comment_status":"closed","ping_status":"closed","sticky":false,"template":"","format":"standard","meta":[],"categories":[2478,13,8],"tags":[459,180,225,393,7059,7060],"_links":{"self":[{"href":"https:\/\/bisbalpenedes.com\/web\/wp-json\/wp\/v2\/posts\/33749"}],"collection":[{"href":"https:\/\/bisbalpenedes.com\/web\/wp-json\/wp\/v2\/posts"}],"about":[{"href":"https:\/\/bisbalpenedes.com\/web\/wp-json\/wp\/v2\/types\/post"}],"author":[{"embeddable":true,"href":"https:\/\/bisbalpenedes.com\/web\/wp-json\/wp\/v2\/users\/4"}],"replies":[{"embeddable":true,"href":"https:\/\/bisbalpenedes.com\/web\/wp-json\/wp\/v2\/comments?post=33749"}],"version-history":[{"count":1,"href":"https:\/\/bisbalpenedes.com\/web\/wp-json\/wp\/v2\/posts\/33749\/revisions"}],"predecessor-version":[{"id":33751,"href":"https:\/\/bisbalpenedes.com\/web\/wp-json\/wp\/v2\/posts\/33749\/revisions\/33751"}],"wp:featuredmedia":[{"embeddable":true,"href":"https:\/\/bisbalpenedes.com\/web\/wp-json\/wp\/v2\/media\/33750"}],"wp:attachment":[{"href":"https:\/\/bisbalpenedes.com\/web\/wp-json\/wp\/v2\/media?parent=33749"}],"wp:term":[{"taxonomy":"category","embeddable":true,"href":"https:\/\/bisbalpenedes.com\/web\/wp-json\/wp\/v2\/categories?post=33749"},{"taxonomy":"post_tag","embeddable":true,"href":"https:\/\/bisbalpenedes.com\/web\/wp-json\/wp\/v2\/tags?post=33749"}],"curies":[{"name":"wp","href":"https:\/\/api.w.org\/{rel}","templated":true}]}}