{"id":33726,"date":"2025-05-07T11:20:37","date_gmt":"2025-05-07T09:20:37","guid":{"rendered":"https:\/\/bisbalpenedes.com\/web\/?p=33726"},"modified":"2025-05-07T11:22:10","modified_gmt":"2025-05-07T09:22:10","slug":"14-alumnes-de-2n-deso-de-linstitut-coster-de-la-torre-participaran-divendres-en-el-concert-de-com-sona-leso-que-es-fara-a-gandia","status":"publish","type":"post","link":"https:\/\/bisbalpenedes.com\/web\/2025\/05\/07\/14-alumnes-de-2n-deso-de-linstitut-coster-de-la-torre-participaran-divendres-en-el-concert-de-com-sona-leso-que-es-fara-a-gandia\/","title":{"rendered":"<strong>14 alumnes de 2n d&#8217;ESO de l&#8217;Institut Coster de la Torre participaran divendres en el concert de &#8220;Com sona l&#8217;ESO&#8221; que es far\u00e0 a Gandia<\/strong>"},"content":{"rendered":"\n<p>Aquest dilluns, 14 alumnes de 2n d&#8217;ESO de l&#8217;Institut Coster de la Torre, juntament amb els seus professors de m\u00fasica, han visitat l&#8217;Ajuntament de la Bisbal del Pened\u00e8s per presentar el projecte &#8220;Com sona l&#8217;ESO&#8221;. L&#8217;alcaldessa Agn\u00e8s Ferr\u00e9 i el regidor de Joventut, Joan Gimeno, han rebut l&#8217;alumnat i l&#8217;han convidat a esmorzar.<\/p>\n\n\n\n<p>El passat mes d&#8217;octubre, catorze alumnes de 2n d&#8217;ESO de l&#8217;institut de la Bisbal del Pened\u00e8s van comen\u00e7ar a treballar en el projecte &#8220;Com sona l&#8217;ESO&#8221; amb l&#8217;objectiu de participar en el concert conjunt de l&#8217;obra &#8220;Anna corre sota l&#8217;oce\u00e0&#8221; que es far\u00e0 aquest divendres 9 de maig a Gandia.<\/p>\n\n\n\n<p>&#8220;Com sona l&#8217;ESO&#8221; \u00e9s un projecte musical que conclou amb una trobada d&#8217;alumnat i professorat de m\u00fasica de secund\u00e0ria que, al llarg de quatre dies, conviuran per dur a terme un repte musical per al qual han treballat de forma pr\u00e8via. Prop de 1500 alumnes d&#8217;edats compreses entre els 12 i els 17 anys seran els protagonistes d&#8217;aquest concert, entre els quals, hi haur\u00e0 l&#8217;alumnat de la Bisbal del Pened\u00e8s, l&#8217;\u00fanic centre baixpendesenc que hi participa.<\/p>\n\n\n\n<p>Avui dimecres l&#8217;alumnat marxa cap a Gandia i, des d&#8217;aqu\u00ed, volem desitjar-los un molt bon viatge i que gaudeixin molt d&#8217;aquesta experi\u00e8ncia. Una vegada all\u00e0, acamparan amb els alumnes dels altres instituts i faran assajos conjunts amb l&#8217;objectiu de dur pujar a l&#8217;escenari el pr\u00f2xim divendres a les 10 de la nit i fer aquest concert, amb m\u00fasica en directe.<\/p>\n\n\n\n<p>El concert es podr\u00e0 veure per <em>streaming<\/em> i divendres podreu trobar l&#8217;enlla\u00e7 al directe accedint a <a href=\"mailto:https:\/\/www.comsonaleso.com\/\">https:\/\/www.comsonaleso.com\/<\/a><\/p>\n\n\n\n<figure class=\"wp-block-image size-large\"><img loading=\"lazy\" width=\"1024\" height=\"819\" src=\"https:\/\/bisbalpenedes.com\/web\/wp-content\/uploads\/2025\/05\/PRES-PROJECTE-OPT-1024x819.jpg\" alt=\"\" class=\"wp-image-33729\" srcset=\"https:\/\/bisbalpenedes.com\/web\/wp-content\/uploads\/2025\/05\/PRES-PROJECTE-OPT-1024x819.jpg 1024w, https:\/\/bisbalpenedes.com\/web\/wp-content\/uploads\/2025\/05\/PRES-PROJECTE-OPT-300x240.jpg 300w, https:\/\/bisbalpenedes.com\/web\/wp-content\/uploads\/2025\/05\/PRES-PROJECTE-OPT-768x614.jpg 768w, https:\/\/bisbalpenedes.com\/web\/wp-content\/uploads\/2025\/05\/PRES-PROJECTE-OPT-1536x1229.jpg 1536w, https:\/\/bisbalpenedes.com\/web\/wp-content\/uploads\/2025\/05\/PRES-PROJECTE-OPT-600x480.jpg 600w, https:\/\/bisbalpenedes.com\/web\/wp-content\/uploads\/2025\/05\/PRES-PROJECTE-OPT.jpg 2048w\" sizes=\"(max-width: 1024px) 100vw, 1024px\" \/><\/figure>\n\n\n\n<hr class=\"wp-block-separator has-alpha-channel-opacity\"\/>\n\n\n\n<p>Este lunes, 14 alumnos de 2\u00ba de ESO del Institut Coster de la Torre, junto con sus profesores de m\u00fasica, han visitado el Ajuntament de la Bisbal del Pened\u00e8s para presentar el proyecto &#8220;Com sona l&#8217;ESO&#8221;. La alcaldesa Agn\u00e8s Ferr\u00e9 y el concejal de Juventud, Joan Gimeno, han recibido al alumnado y lo han invitado a desayunar.<\/p>\n\n\n\n<p>El pasado mes de octubre, catorce alumnos de 2\u00ba de ESO del instituto de la Bisbal del Pened\u00e8s empezaron a trabajar en el proyecto &#8220;Com sona l&#8217;ESO&#8221; con el objetivo de participar en el concierto conjunto de la obra &#8220;Anna corre sota l&#8217;oce\u00e0&#8221; que se har\u00e1 este viernes 9 de mayo en Gand\u00eda,<\/p>\n\n\n\n<p>&#8220;Com sona l&#8217;ESO&#8221; es un proyecto musical que concluye con un encuentro de alumnado y profesorado de m\u00fasica de secundaria que, a lo largo de cuatro d\u00edas, convivir\u00e1n para llevar a cabo un reto musical para el que han trabajado de forma previa. Cerca de 1500 alumnos de edades comprendidas entre los 12 y los 17 a\u00f1os ser\u00e1n los protagonistas de este concierto, entre los cuales, estar\u00e1 el alumnado de la Bisbal del Pened\u00e8s, el \u00fanico centro del Baix Pened\u00e8s que participa en este proyecto.<\/p>\n\n\n\n<p>Hoy mi\u00e9rcoles el alumnado viaja hacia Gand\u00eda y, desde aqu\u00ed, queremos desearles un muy buen viaje y que disfruten mucho de esta experiencia. Una vez all\u00ed, acampar\u00e1n con los alumnos de los otros institutos y har\u00e1n ensayos conjuntos con el objetivo de subir al escenario el pr\u00f3ximo viernes a las 10 de la noche y hacer este concierto, con m\u00fasica en directo.<\/p>\n\n\n\n<p>El concierto se podr\u00e1 ver por <em>streaming<\/em> y el viernes podr\u00e9is encontrar el enlace al directo accediendo a <a href=\"mailto:https:\/\/www.comsonaleso.com\/\">https:\/\/www.comsonaleso.com\/<\/a><\/p>\n","protected":false},"excerpt":{"rendered":"<p>Aquest dilluns, 14 alumnes de 2n d&#8217;ESO de l&#8217;Institut Coster de la Torre, juntament amb els seus professors de m\u00fasica, han visitat l&#8217;Ajuntament de la Bisbal del Pened\u00e8s per presentar &hellip; <a href=\"https:\/\/bisbalpenedes.com\/web\/2025\/05\/07\/14-alumnes-de-2n-deso-de-linstitut-coster-de-la-torre-participaran-divendres-en-el-concert-de-com-sona-leso-que-es-fara-a-gandia\/\" class=\"more-link\">Read More<\/a><\/p>\n","protected":false},"author":4,"featured_media":33728,"comment_status":"closed","ping_status":"closed","sticky":false,"template":"","format":"standard","meta":[],"categories":[2057,3456,4269,8],"tags":[7056,73,1475,393,7057],"_links":{"self":[{"href":"https:\/\/bisbalpenedes.com\/web\/wp-json\/wp\/v2\/posts\/33726"}],"collection":[{"href":"https:\/\/bisbalpenedes.com\/web\/wp-json\/wp\/v2\/posts"}],"about":[{"href":"https:\/\/bisbalpenedes.com\/web\/wp-json\/wp\/v2\/types\/post"}],"author":[{"embeddable":true,"href":"https:\/\/bisbalpenedes.com\/web\/wp-json\/wp\/v2\/users\/4"}],"replies":[{"embeddable":true,"href":"https:\/\/bisbalpenedes.com\/web\/wp-json\/wp\/v2\/comments?post=33726"}],"version-history":[{"count":2,"href":"https:\/\/bisbalpenedes.com\/web\/wp-json\/wp\/v2\/posts\/33726\/revisions"}],"predecessor-version":[{"id":33730,"href":"https:\/\/bisbalpenedes.com\/web\/wp-json\/wp\/v2\/posts\/33726\/revisions\/33730"}],"wp:featuredmedia":[{"embeddable":true,"href":"https:\/\/bisbalpenedes.com\/web\/wp-json\/wp\/v2\/media\/33728"}],"wp:attachment":[{"href":"https:\/\/bisbalpenedes.com\/web\/wp-json\/wp\/v2\/media?parent=33726"}],"wp:term":[{"taxonomy":"category","embeddable":true,"href":"https:\/\/bisbalpenedes.com\/web\/wp-json\/wp\/v2\/categories?post=33726"},{"taxonomy":"post_tag","embeddable":true,"href":"https:\/\/bisbalpenedes.com\/web\/wp-json\/wp\/v2\/tags?post=33726"}],"curies":[{"name":"wp","href":"https:\/\/api.w.org\/{rel}","templated":true}]}}