{"id":33655,"date":"2025-04-30T14:56:26","date_gmt":"2025-04-30T12:56:26","guid":{"rendered":"https:\/\/bisbalpenedes.com\/web\/?p=33655"},"modified":"2025-04-30T14:56:43","modified_gmt":"2025-04-30T12:56:43","slug":"lajuntament-aprova-un-contracte-amb-lassociacio-de-cors-antistiana-per-a-lorganitzacio-del-cicle-de-concerts-pel-2025","status":"publish","type":"post","link":"https:\/\/bisbalpenedes.com\/web\/2025\/04\/30\/lajuntament-aprova-un-contracte-amb-lassociacio-de-cors-antistiana-per-a-lorganitzacio-del-cicle-de-concerts-pel-2025\/","title":{"rendered":"L\u2019Ajuntament aprova un contracte amb l\u2019Associaci\u00f3 de Cors Antistiana per a l\u2019organitzaci\u00f3 del cicle de concerts pel 2025"},"content":{"rendered":"\n<p>El passat 4 d&#8217;abril es va aprovar un contracte per un import de 4.422\u20ac amb l&#8217;Associaci\u00f3 de Cors Antistiana, mitjan\u00e7ant Decret d&#8217;alcaldia, per a l&#8217;organitzaci\u00f3 del cicle de concerts 2025 a l&#8217;esgl\u00e9sia de Santa Maria de la Bisbal del Pened\u00e8s. Concretament, per als concerts de l&#8217;abril, l&#8217;agost i el novembre.<\/p>\n\n\n\n<p>Amb aquest contracte, l&#8217;Ajuntament de la Bisbal el Pened\u00e8s continua donant suport a la cultura i, en aquest cas concret, a la m\u00fasica en directe i a l&#8217;orgue de la Bisbal del Pened\u00e8s.<\/p>\n\n\n\n<hr class=\"wp-block-separator has-alpha-channel-opacity\"\/>\n\n\n\n<p>El pasado 4 de abril se aprob\u00f3 un contrato por un importe de 4.422\u20ac con la Associaci\u00f3 de Cors Antistiana, mediante Decreto de alcald\u00eda, para la organizaci\u00f3n del ciclo de conciertos 2025 en la iglesia de Santa Mar\u00eda de la Bisbal del Pened\u00e8s. Concretamente, para los conciertos de abril, agosto y noviembre.<\/p>\n\n\n\n<p>Con este contrato, el Ajuntament de la Bisbal del Pened\u00e8s sigue apoyando la cultura y, en este caso concreto, la m\u00fasica en directo y el \u00f3rgano de la Bisbal del Pened\u00e8s.<\/p>\n","protected":false},"excerpt":{"rendered":"<p>El passat 4 d&#8217;abril es va aprovar un contracte per un import de 4.422\u20ac amb l&#8217;Associaci\u00f3 de Cors Antistiana, mitjan\u00e7ant Decret d&#8217;alcaldia, per a l&#8217;organitzaci\u00f3 del cicle de concerts 2025 &hellip; <a href=\"https:\/\/bisbalpenedes.com\/web\/2025\/04\/30\/lajuntament-aprova-un-contracte-amb-lassociacio-de-cors-antistiana-per-a-lorganitzacio-del-cicle-de-concerts-pel-2025\/\" class=\"more-link\">Read More<\/a><\/p>\n","protected":false},"author":4,"featured_media":33656,"comment_status":"closed","ping_status":"closed","sticky":false,"template":"","format":"standard","meta":[],"categories":[13,8],"tags":[3419,688,1906,393],"_links":{"self":[{"href":"https:\/\/bisbalpenedes.com\/web\/wp-json\/wp\/v2\/posts\/33655"}],"collection":[{"href":"https:\/\/bisbalpenedes.com\/web\/wp-json\/wp\/v2\/posts"}],"about":[{"href":"https:\/\/bisbalpenedes.com\/web\/wp-json\/wp\/v2\/types\/post"}],"author":[{"embeddable":true,"href":"https:\/\/bisbalpenedes.com\/web\/wp-json\/wp\/v2\/users\/4"}],"replies":[{"embeddable":true,"href":"https:\/\/bisbalpenedes.com\/web\/wp-json\/wp\/v2\/comments?post=33655"}],"version-history":[{"count":1,"href":"https:\/\/bisbalpenedes.com\/web\/wp-json\/wp\/v2\/posts\/33655\/revisions"}],"predecessor-version":[{"id":33657,"href":"https:\/\/bisbalpenedes.com\/web\/wp-json\/wp\/v2\/posts\/33655\/revisions\/33657"}],"wp:featuredmedia":[{"embeddable":true,"href":"https:\/\/bisbalpenedes.com\/web\/wp-json\/wp\/v2\/media\/33656"}],"wp:attachment":[{"href":"https:\/\/bisbalpenedes.com\/web\/wp-json\/wp\/v2\/media?parent=33655"}],"wp:term":[{"taxonomy":"category","embeddable":true,"href":"https:\/\/bisbalpenedes.com\/web\/wp-json\/wp\/v2\/categories?post=33655"},{"taxonomy":"post_tag","embeddable":true,"href":"https:\/\/bisbalpenedes.com\/web\/wp-json\/wp\/v2\/tags?post=33655"}],"curies":[{"name":"wp","href":"https:\/\/api.w.org\/{rel}","templated":true}]}}