{"id":33652,"date":"2025-04-30T14:49:53","date_gmt":"2025-04-30T12:49:53","guid":{"rendered":"https:\/\/bisbalpenedes.com\/web\/?p=33652"},"modified":"2025-04-30T14:49:53","modified_gmt":"2025-04-30T12:49:53","slug":"lajuntament-ha-contractat-els-punts-liles-per-a-les-festes-del-2025","status":"publish","type":"post","link":"https:\/\/bisbalpenedes.com\/web\/2025\/04\/30\/lajuntament-ha-contractat-els-punts-liles-per-a-les-festes-del-2025\/","title":{"rendered":"<strong>L&#8217;Ajuntament ha contractat els punts liles per a les festes del 2025<\/strong>"},"content":{"rendered":"\n<p>La Junta de govern del passat 7 d&#8217;abril va aprovar, a petici\u00f3 de les regidories de Feminismes i Igualtat, la contractaci\u00f3 dels punts liles per als actes i activitats d&#8217;aquest 2025 amb Befreya. L&#8217;import del contracte \u00e9s de 3.812,95\u20ac i inclou la instal\u00b7laci\u00f3 de punts liles en les festes seg\u00fcents: un concert jove del mes de maig, la Festa Major, el Correbarris i el Festa Fotre.<\/p>\n\n\n\n<p>Els punts liles s\u00f3n una eina de sensibilitzaci\u00f3 i suport en esdeveniments, festes, festivals, concerts i festes populars. L&#8217;objectiu \u00e9s prevenir i combatre l&#8217;assetjament sexual i la viol\u00e8ncia de g\u00e8nere, per garantir que tots els assistents puguin gaudir d&#8217;un espai segur, on sentir-se protegits, respectats i poder demanar ajuda si ho necessiten. A m\u00e9s, aquests espais ajuden a conscienciar els joves sobre la import\u00e0ncia del respecte i la igualtat de g\u00e8nere.<\/p>\n\n\n\n<p>Les festes i esdeveniments amb punts liles mostren un comprom\u00eds per crear un ambient inclusiu, on les persones puguin gaudir d&#8217;una bona estona sense por a ser jutjades ni atacades per la seva identitat o comportament.<\/p>\n\n\n\n<hr class=\"wp-block-separator has-alpha-channel-opacity\"\/>\n\n\n\n<h2>El Ayuntamiento ha contratado los puntos lilas para las fiestas del 2025<\/h2>\n\n\n\n<p>La Junta de gobierno del pasado 7 de abril aprob\u00f3, a petici\u00f3n de las concejal\u00edas de Feminismos e Igualdad, la contrataci\u00f3n de los puntos lilas para los actos y actividades de este 2025 con Befreya. El importe del contrato es de 3.812,95\u20ac e incluye la instalaci\u00f3n de puntos lilas en las siguientes fiestas: un concierto joven del mes de mayo, la Festa Major, el Correbarris y el Festa Fotre.<\/p>\n\n\n\n<p>Los puntos lilas son una herramienta de sensibilizaci\u00f3n y apoyo en eventos, fiestas, festivales, conciertos y fiestas populares. El objetivo es prevenir y combatir el acoso sexual y la violencia de g\u00e9nero, para garantizar que todos los asistentes puedan disfrutar de un espacio seguro, en el que sentirse protegidos, respetados y poder solicitar ayuda si lo necesitan. Adem\u00e1s, estos espacios ayudan a concienciar a los j\u00f3venes sobre la importancia del respeto y la igualdad de g\u00e9nero.<\/p>\n\n\n\n<p>Las fiestas y eventos con puntos lilas muestran un compromiso para crear un ambiente inclusivo, en el que las personas puedan disfrutar de un buen rato sin miedo a ser juzgadas ni atacadas por su identidad o comportamiento.<\/p>\n","protected":false},"excerpt":{"rendered":"<p>La Junta de govern del passat 7 d&#8217;abril va aprovar, a petici\u00f3 de les regidories de Feminismes i Igualtat, la contractaci\u00f3 dels punts liles per als actes i activitats d&#8217;aquest &hellip; <a href=\"https:\/\/bisbalpenedes.com\/web\/2025\/04\/30\/lajuntament-ha-contractat-els-punts-liles-per-a-les-festes-del-2025\/\" class=\"more-link\">Read More<\/a><\/p>\n","protected":false},"author":4,"featured_media":33653,"comment_status":"closed","ping_status":"closed","sticky":false,"template":"","format":"standard","meta":[],"categories":[6120,8],"tags":[],"_links":{"self":[{"href":"https:\/\/bisbalpenedes.com\/web\/wp-json\/wp\/v2\/posts\/33652"}],"collection":[{"href":"https:\/\/bisbalpenedes.com\/web\/wp-json\/wp\/v2\/posts"}],"about":[{"href":"https:\/\/bisbalpenedes.com\/web\/wp-json\/wp\/v2\/types\/post"}],"author":[{"embeddable":true,"href":"https:\/\/bisbalpenedes.com\/web\/wp-json\/wp\/v2\/users\/4"}],"replies":[{"embeddable":true,"href":"https:\/\/bisbalpenedes.com\/web\/wp-json\/wp\/v2\/comments?post=33652"}],"version-history":[{"count":1,"href":"https:\/\/bisbalpenedes.com\/web\/wp-json\/wp\/v2\/posts\/33652\/revisions"}],"predecessor-version":[{"id":33654,"href":"https:\/\/bisbalpenedes.com\/web\/wp-json\/wp\/v2\/posts\/33652\/revisions\/33654"}],"wp:featuredmedia":[{"embeddable":true,"href":"https:\/\/bisbalpenedes.com\/web\/wp-json\/wp\/v2\/media\/33653"}],"wp:attachment":[{"href":"https:\/\/bisbalpenedes.com\/web\/wp-json\/wp\/v2\/media?parent=33652"}],"wp:term":[{"taxonomy":"category","embeddable":true,"href":"https:\/\/bisbalpenedes.com\/web\/wp-json\/wp\/v2\/categories?post=33652"},{"taxonomy":"post_tag","embeddable":true,"href":"https:\/\/bisbalpenedes.com\/web\/wp-json\/wp\/v2\/tags?post=33652"}],"curies":[{"name":"wp","href":"https:\/\/api.w.org\/{rel}","templated":true}]}}