{"id":33641,"date":"2025-04-29T12:57:30","date_gmt":"2025-04-29T10:57:30","guid":{"rendered":"https:\/\/bisbalpenedes.com\/web\/?p=33641"},"modified":"2025-04-29T12:57:30","modified_gmt":"2025-04-29T10:57:30","slug":"saprova-la-contractacio-de-redaccio-la-del-projecte-de-millores-a-la-piscina-municipal","status":"publish","type":"post","link":"https:\/\/bisbalpenedes.com\/web\/2025\/04\/29\/saprova-la-contractacio-de-redaccio-la-del-projecte-de-millores-a-la-piscina-municipal\/","title":{"rendered":"S\u2019aprova la contractaci\u00f3 de redacci\u00f3 la del projecte de millores a la piscina municipal"},"content":{"rendered":"\n<p>El passat 15 d&#8217;abril es va signar un decret d&#8217;alcaldia, a petici\u00f3 de la Regidoria d&#8217;Esports, per a la contractaci\u00f3 de la redacci\u00f3 del projecte de millores a la piscina municipal. L&#8217;empresa contractada \u00e9s Engicon serveis SL i l&#8217;import del contracte \u00e9s de 5.747,50\u20ac.<\/p>\n\n\n\n<p>La piscina municipal \u00e9s un punt de refer\u00e8ncia durant la temporada d&#8217;estiu, ja que \u00e9s el millor refugi clim\u00e0tic de la Bisbal del Pened\u00e8s. Cada temporada, durant els tres mesos que est\u00e0 oberta al p\u00fablic, hi passen una mitjana de deu mil persones. Tenint en compte l&#8217;antiguitat de les instal\u00b7lacions i l&#8217;alta aflu\u00e8ncia de p\u00fablic, cal resoldre les mancances que pot presentar l&#8217;espai i fer millores perqu\u00e8 continu\u00ef sent un espai apte per a tots els p\u00fablics. Per tot plegat, l&#8217;Ajuntament de la Bisbal del Pened\u00e8s ha contractat la redacci\u00f3 del projecte de millores de la piscina municipal.<\/p>\n\n\n\n<hr class=\"wp-block-separator has-alpha-channel-opacity\"\/>\n\n\n\n<p>El pasado 15 de abril se firm\u00f3 un decreto de alcald\u00eda, a petici\u00f3n de la Concejal\u00eda de Deportes, para la contrataci\u00f3n de la redacci\u00f3n del proyecto de mejoras en la piscina municipal. La empresa contratada es Engicon serveis SL y el importe del contrato es de 5.747,50\u20ac.<\/p>\n\n\n\n<p>La piscina municipal es un punto de referencia durante la temporada de verano, ya que es el mejor refugio clim\u00e1tico de la Bisbal del Pened\u00e8s. Cada temporada, durante los tres meses que est\u00e1 abierta al p\u00fablico, pasan por este espacio una media de diez mil personas. Teniendo en cuenta la antig\u00fcedad de las instalaciones y la alta afluencia de p\u00fablico, se hace necesario resolver las carencias que puede presentar el espacio y hacer mejoras para que contin\u00fae siendo un espacio apto para todos los p\u00fablicos. Por todo ello, el Ajuntament de la Bisbal del Pened\u00e8s ha contratado la redacci\u00f3n del proyecto de mejoras de la piscina municipal.<\/p>\n","protected":false},"excerpt":{"rendered":"<p>El passat 15 d&#8217;abril es va signar un decret d&#8217;alcaldia, a petici\u00f3 de la Regidoria d&#8217;Esports, per a la contractaci\u00f3 de la redacci\u00f3 del projecte de millores a la piscina &hellip; <a href=\"https:\/\/bisbalpenedes.com\/web\/2025\/04\/29\/saprova-la-contractacio-de-redaccio-la-del-projecte-de-millores-a-la-piscina-municipal\/\" class=\"more-link\">Read More<\/a><\/p>\n","protected":false},"author":4,"featured_media":33642,"comment_status":"closed","ping_status":"closed","sticky":false,"template":"","format":"standard","meta":[],"categories":[19,8],"tags":[393,574,266,484],"_links":{"self":[{"href":"https:\/\/bisbalpenedes.com\/web\/wp-json\/wp\/v2\/posts\/33641"}],"collection":[{"href":"https:\/\/bisbalpenedes.com\/web\/wp-json\/wp\/v2\/posts"}],"about":[{"href":"https:\/\/bisbalpenedes.com\/web\/wp-json\/wp\/v2\/types\/post"}],"author":[{"embeddable":true,"href":"https:\/\/bisbalpenedes.com\/web\/wp-json\/wp\/v2\/users\/4"}],"replies":[{"embeddable":true,"href":"https:\/\/bisbalpenedes.com\/web\/wp-json\/wp\/v2\/comments?post=33641"}],"version-history":[{"count":1,"href":"https:\/\/bisbalpenedes.com\/web\/wp-json\/wp\/v2\/posts\/33641\/revisions"}],"predecessor-version":[{"id":33643,"href":"https:\/\/bisbalpenedes.com\/web\/wp-json\/wp\/v2\/posts\/33641\/revisions\/33643"}],"wp:featuredmedia":[{"embeddable":true,"href":"https:\/\/bisbalpenedes.com\/web\/wp-json\/wp\/v2\/media\/33642"}],"wp:attachment":[{"href":"https:\/\/bisbalpenedes.com\/web\/wp-json\/wp\/v2\/media?parent=33641"}],"wp:term":[{"taxonomy":"category","embeddable":true,"href":"https:\/\/bisbalpenedes.com\/web\/wp-json\/wp\/v2\/categories?post=33641"},{"taxonomy":"post_tag","embeddable":true,"href":"https:\/\/bisbalpenedes.com\/web\/wp-json\/wp\/v2\/tags?post=33641"}],"curies":[{"name":"wp","href":"https:\/\/api.w.org\/{rel}","templated":true}]}}