{"id":33619,"date":"2025-04-25T09:33:48","date_gmt":"2025-04-25T07:33:48","guid":{"rendered":"https:\/\/bisbalpenedes.com\/web\/?p=33619"},"modified":"2025-04-25T09:33:48","modified_gmt":"2025-04-25T07:33:48","slug":"el-proxim-dimarts-29-dabril-se-celebrara-un-ple-extraordinari-a-lajuntament-de-la-bisbal-del-penedes","status":"publish","type":"post","link":"https:\/\/bisbalpenedes.com\/web\/2025\/04\/25\/el-proxim-dimarts-29-dabril-se-celebrara-un-ple-extraordinari-a-lajuntament-de-la-bisbal-del-penedes\/","title":{"rendered":"El pr\u00f2xim dimarts 29 d&#8217;abril se celebrar\u00e0 un Ple extraordinari a l&#8217;Ajuntament de la Bisbal del Pened\u00e8s"},"content":{"rendered":"\n<p>El dimarts 29 d&#8217;abril, a les 13h, se celebrar\u00e0 un Ple extraordinari a l&#8217;Ajuntament de la Bisbal del Pened\u00e8s amb el seg\u00fcent ordre del dia:<\/p>\n\n\n\n<p>1.-Presa de possessi\u00f3 del nou regidor d&#8217;ERC.<br>2.-Aprovaci\u00f3 del Pla econ\u00f2mic i financer 2025\/26.<br>3.-Aprovaci\u00f3 del reconeixement extrajudicial de despeses.<br>4.-Aprovaci\u00f3 inicial de la modificaci\u00f3 de cr\u00e8dit per noves inversions al municipi.<br>5.-Aprovaci\u00f3 definitiva de l&#8217;ordenan\u00e7a fiscal reguladora de la recollida de residus.<br>6.-Aprovaci\u00f3 del conveni amb el Consell Comarcal del Baix Pened\u00e8s per l&#8217;\u00e0rea d&#8217;autocaravanes.<\/p>\n\n\n\n<hr class=\"wp-block-separator has-alpha-channel-opacity\"\/>\n\n\n\n<p>El martes 29 de abril, a las 13h, se celebrar\u00e1 un Pleno extraordinario en el Ajuntament de la Bisbal del Pened\u00e8s con el siguiente orden del d\u00eda:<br>1.-Toma de posesi\u00f3n del nuevo concejal de ERC.<br>2.-Aprobaci\u00f3n del Plan econ\u00f3mico y financiero 2025\/26.<br>3.-Aprobaci\u00f3n del reconocimiento extrajudicial de gastos.<br>4.-Aprobaci\u00f3n inicial de la modificaci\u00f3n de cr\u00e9dito para nuevas inversiones en el municipio.<br>5.-Aprobaci\u00f3n definitiva de la ordenanza fiscal reguladora de la recogida de residuos.<br>6.-Aprobaci\u00f3n del convenio con el Consell Comarcal del Baix Pened\u00e8s para el \u00e1rea de autocaravanas.<\/p>\n","protected":false},"excerpt":{"rendered":"<p>El dimarts 29 d&#8217;abril, a les 13h, se celebrar\u00e0 un Ple extraordinari a l&#8217;Ajuntament de la Bisbal del Pened\u00e8s amb el seg\u00fcent ordre del dia: 1.-Presa de possessi\u00f3 del nou &hellip; <a href=\"https:\/\/bisbalpenedes.com\/web\/2025\/04\/25\/el-proxim-dimarts-29-dabril-se-celebrara-un-ple-extraordinari-a-lajuntament-de-la-bisbal-del-penedes\/\" class=\"more-link\">Read More<\/a><\/p>\n","protected":false},"author":4,"featured_media":14975,"comment_status":"closed","ping_status":"closed","sticky":false,"template":"","format":"standard","meta":[],"categories":[8,2250],"tags":[],"_links":{"self":[{"href":"https:\/\/bisbalpenedes.com\/web\/wp-json\/wp\/v2\/posts\/33619"}],"collection":[{"href":"https:\/\/bisbalpenedes.com\/web\/wp-json\/wp\/v2\/posts"}],"about":[{"href":"https:\/\/bisbalpenedes.com\/web\/wp-json\/wp\/v2\/types\/post"}],"author":[{"embeddable":true,"href":"https:\/\/bisbalpenedes.com\/web\/wp-json\/wp\/v2\/users\/4"}],"replies":[{"embeddable":true,"href":"https:\/\/bisbalpenedes.com\/web\/wp-json\/wp\/v2\/comments?post=33619"}],"version-history":[{"count":1,"href":"https:\/\/bisbalpenedes.com\/web\/wp-json\/wp\/v2\/posts\/33619\/revisions"}],"predecessor-version":[{"id":33620,"href":"https:\/\/bisbalpenedes.com\/web\/wp-json\/wp\/v2\/posts\/33619\/revisions\/33620"}],"wp:featuredmedia":[{"embeddable":true,"href":"https:\/\/bisbalpenedes.com\/web\/wp-json\/wp\/v2\/media\/14975"}],"wp:attachment":[{"href":"https:\/\/bisbalpenedes.com\/web\/wp-json\/wp\/v2\/media?parent=33619"}],"wp:term":[{"taxonomy":"category","embeddable":true,"href":"https:\/\/bisbalpenedes.com\/web\/wp-json\/wp\/v2\/categories?post=33619"},{"taxonomy":"post_tag","embeddable":true,"href":"https:\/\/bisbalpenedes.com\/web\/wp-json\/wp\/v2\/tags?post=33619"}],"curies":[{"name":"wp","href":"https:\/\/api.w.org\/{rel}","templated":true}]}}