{"id":33606,"date":"2025-04-22T11:59:03","date_gmt":"2025-04-22T09:59:03","guid":{"rendered":"https:\/\/bisbalpenedes.com\/web\/?p=33606"},"modified":"2025-04-22T11:59:34","modified_gmt":"2025-04-22T09:59:34","slug":"el-diumenge-27-dabril-a-les-18h-podreu-veure-la-pellicula-lavia-i-el-foraster-del-cicle-gaudi-al-cmc","status":"publish","type":"post","link":"https:\/\/bisbalpenedes.com\/web\/2025\/04\/22\/el-diumenge-27-dabril-a-les-18h-podreu-veure-la-pellicula-lavia-i-el-foraster-del-cicle-gaudi-al-cmc\/","title":{"rendered":"<strong>El diumenge 27 d&#8217;abril a les 18h podreu veure la pel\u00b7l\u00edcula \u2018L&#8217;\u00e0via i el foraster\u2019 del Cicle Gaud\u00ed al CMC<\/strong>"},"content":{"rendered":"\n<p>El diumenge&nbsp;27 d&#8217;abril, a les&nbsp;18 h, podreu veure la pel\u00b7l\u00edcula&nbsp;\u201cL&#8217;\u00e0via i el foraster\u201d&nbsp;a l\u2019auditori del&nbsp;CMC, en el marc del&nbsp;Cicle Gaud\u00ed&nbsp;de cinema catal\u00e0. La taquilla ser\u00e0 gestionada per&nbsp;Senderistes Bisbalencs.<\/p>\n\n\n\n<p><strong>SINOPSI<\/strong><br>La Teresa \u00e9s modista. Coneix en Samir, el. fruiter, que en realitat \u00e9s un gran sastre que va haver d&#8217;emigrar del Pakistan. L&#8217;Enric, en plena crisi vital, torna al seu poble per assistir al funeral de la seva \u00e0via i descobreix la relaci\u00f3 que ella tenia amb el Samir.<\/p>\n\n\n\n<p>Com \u00e9s habitual, el preu de l\u2019entrada ser\u00e0 de&nbsp;4,5\u20ac&nbsp;(general) i&nbsp;3\u20ac&nbsp;per als espectadors que presentin el carnet de la&nbsp;Biblioteca p\u00fablica de la Bisbal del Pened\u00e8s. Els beneficis es destinaran a l\u2019entitat que gestioni la taquilla abans de la projecci\u00f3.<\/p>\n\n\n\n<p><strong>FITXA T\u00c8CNICA<\/strong><br><strong>Direcci\u00f3:<\/strong>&nbsp;Sergi Miralles<br><strong>Gui\u00f3:<\/strong>&nbsp;Mar\u00eda M\u00ednguez, Mila Luengo, Sergi Miralles<br><strong>Productora:<\/strong>&nbsp;Aire de Cinema, Alhena Production<br><strong>Estrena:<\/strong>&nbsp;13 de setembre de 2024<br><strong>Durada:<\/strong>&nbsp;116 min<br><strong>G\u00e8nere:<\/strong>&nbsp;Com\u00e8dia dram\u00e0tica<br><strong>Qualificaci\u00f3:<\/strong>&nbsp;No recomanada per a menors de 7 anys<br><strong>Versi\u00f3:<\/strong>&nbsp;Original en castell\u00e0 i valenci\u00e0<br><strong>Int\u00e8rprets:<\/strong>&nbsp;A\u00efda Ballmann, Carlos Francino, Jordi Ballester, Kandarp Mehta, Mar\u00eda Maroto, Neus Agull\u00f3.<\/p>\n\n\n\n<figure class=\"wp-block-embed is-type-video is-provider-youtube wp-block-embed-youtube wp-embed-aspect-16-9 wp-has-aspect-ratio\"><div class=\"wp-block-embed__wrapper\">\n<iframe loading=\"lazy\" title=\"Cicle Gaud\u00ed: &quot;L&#039;\u00e0via i el foraster&quot;\" width=\"1170\" height=\"658\" src=\"https:\/\/www.youtube.com\/embed\/tvvqrlh6vsA?feature=oembed\" frameborder=\"0\" allow=\"accelerometer; autoplay; clipboard-write; encrypted-media; gyroscope; picture-in-picture; web-share\" referrerpolicy=\"strict-origin-when-cross-origin\" allowfullscreen><\/iframe>\n<\/div><\/figure>\n\n\n\n<hr class=\"wp-block-separator has-alpha-channel-opacity\"\/>\n\n\n\n<p><strong>CASTELLANO |&nbsp;<\/strong>El domingo 27 de abril, a las 18h, podr\u00e9is ver la pel\u00edcula &#8220;L&#8217;\u00e0via i el foraster&#8221; en el auditorio del CMC, en el marco del Cicle Gaud\u00ed de cinema catal\u00e0. La taquilla estar\u00e1 gestionada por Senderistes Bisbalencs.<\/p>\n\n\n\n<p><strong>SINOPSIS<\/strong><br>Teresa es modista. Conoce a Samir, el frutero, que en realidad es un gran sastre que tuvo que emigrar de Pakistan. Enric, en plena crisis vital, vuelve a su pueblo para asistir al funeral de su abuela y descubre la relaci\u00f3n que ella ten\u00eda con Samir.<\/p>\n\n\n\n<p>Como es habitual, el precio de la entrada ser\u00e1 de 4,5\u20ac (general) y 3\u20ac para los espectadores que presenten el carn\u00e9 de la Biblioteca p\u00fablica de la Bisbal del Pened\u00e8s. Los beneficios se destinar\u00e1n a la entidad que gestione la taquilla antes de la proyecci\u00f3n.<\/p>\n\n\n\n<p><strong>FICHA T\u00c9CNICA<\/strong><br><strong>Direcci\u00f3n:<\/strong> Sergi Miralles<br><strong>Gui\u00f3n:<\/strong> Mar\u00eda M\u00ednguez, Mila Luengo, SErgi Miralles<br><strong>Productora: <\/strong>Aire de Cinema, Alhena Production<br><strong>Estreno:<\/strong> 13 de septiembre de 2024<br><strong>Duraci\u00f3n:<\/strong> 116 min<br><strong>G\u00e9nero:<\/strong> Comedia dram\u00e1tica<br><strong>Calificaci\u00f3n:<\/strong> No recomendada para menores de 7 a\u00f1os<br><strong>Versi\u00f3n:<\/strong> Original en castellano y valenciano<br><strong>Int\u00e9rpretes:<\/strong> A\u00efda Ballmann, Carlos Francino, Jordi Ballester, Kandarp Mehta, Mar\u00eda Maroto, Neus Agull\u00f3.<br><br><\/p>\n","protected":false},"excerpt":{"rendered":"<p>El diumenge&nbsp;27 d&#8217;abril, a les&nbsp;18 h, podreu veure la pel\u00b7l\u00edcula&nbsp;\u201cL&#8217;\u00e0via i el foraster\u201d&nbsp;a l\u2019auditori del&nbsp;CMC, en el marc del&nbsp;Cicle Gaud\u00ed&nbsp;de cinema catal\u00e0. La taquilla ser\u00e0 gestionada per&nbsp;Senderistes Bisbalencs. SINOPSILa Teresa &hellip; <a href=\"https:\/\/bisbalpenedes.com\/web\/2025\/04\/22\/el-diumenge-27-dabril-a-les-18h-podreu-veure-la-pellicula-lavia-i-el-foraster-del-cicle-gaudi-al-cmc\/\" class=\"more-link\">Read More<\/a><\/p>\n","protected":false},"author":4,"featured_media":33607,"comment_status":"closed","ping_status":"closed","sticky":false,"template":"","format":"standard","meta":[],"categories":[13,8],"tags":[7053,459,307,225,7052,393],"_links":{"self":[{"href":"https:\/\/bisbalpenedes.com\/web\/wp-json\/wp\/v2\/posts\/33606"}],"collection":[{"href":"https:\/\/bisbalpenedes.com\/web\/wp-json\/wp\/v2\/posts"}],"about":[{"href":"https:\/\/bisbalpenedes.com\/web\/wp-json\/wp\/v2\/types\/post"}],"author":[{"embeddable":true,"href":"https:\/\/bisbalpenedes.com\/web\/wp-json\/wp\/v2\/users\/4"}],"replies":[{"embeddable":true,"href":"https:\/\/bisbalpenedes.com\/web\/wp-json\/wp\/v2\/comments?post=33606"}],"version-history":[{"count":2,"href":"https:\/\/bisbalpenedes.com\/web\/wp-json\/wp\/v2\/posts\/33606\/revisions"}],"predecessor-version":[{"id":33609,"href":"https:\/\/bisbalpenedes.com\/web\/wp-json\/wp\/v2\/posts\/33606\/revisions\/33609"}],"wp:featuredmedia":[{"embeddable":true,"href":"https:\/\/bisbalpenedes.com\/web\/wp-json\/wp\/v2\/media\/33607"}],"wp:attachment":[{"href":"https:\/\/bisbalpenedes.com\/web\/wp-json\/wp\/v2\/media?parent=33606"}],"wp:term":[{"taxonomy":"category","embeddable":true,"href":"https:\/\/bisbalpenedes.com\/web\/wp-json\/wp\/v2\/categories?post=33606"},{"taxonomy":"post_tag","embeddable":true,"href":"https:\/\/bisbalpenedes.com\/web\/wp-json\/wp\/v2\/tags?post=33606"}],"curies":[{"name":"wp","href":"https:\/\/api.w.org\/{rel}","templated":true}]}}