{"id":33603,"date":"2025-04-22T11:14:58","date_gmt":"2025-04-22T09:14:58","guid":{"rendered":"https:\/\/bisbalpenedes.com\/web\/?p=33603"},"modified":"2025-04-22T11:14:58","modified_gmt":"2025-04-22T09:14:58","slug":"es-redistribueixen-les-carteres-i-nomenaments-despres-que-la-regidora-derc-renuncies-al-seu-carrec","status":"publish","type":"post","link":"https:\/\/bisbalpenedes.com\/web\/2025\/04\/22\/es-redistribueixen-les-carteres-i-nomenaments-despres-que-la-regidora-derc-renuncies-al-seu-carrec\/","title":{"rendered":"<strong>Es redistribueixen les carteres i nomenaments despr\u00e9s que la regidora d&#8217;ERC renunci\u00e9s al seu c\u00e0rrec<\/strong>"},"content":{"rendered":"\n<p>Aquest mes d&#8217;abril, l&#8217;alcaldessa Agn\u00e8s Ferr\u00e9 ha signat dos decrets d&#8217;alcaldia amb diversos nomenaments, despr\u00e9s que la regidora d&#8217;ERC renunci\u00e9s al seu c\u00e0rrec de regidora i, per tant, a les carteres de Seguretat i Mobilitat i, alhora, al fet de ser membre de la Junta de Govern amb veu i vot.<\/p>\n\n\n\n<p>Els canvis aprovats per l&#8217;alcaldessa s\u00f3n els seg\u00fcents:<\/p>\n\n\n\n<p>-El regidor Daniel Caballero passa a ser segon tinent d&#8217;alcalde.<\/p>\n\n\n\n<p>-La regidora Paqui Cepas passa a formar part de la Junta de Govern, amb veu i vot.<\/p>\n\n\n\n<p>-Es nomena Paqui Cepas regidora de Mobilitat.<\/p>\n\n\n\n<p>-Les compet\u00e8ncies de la Regidoria de Seguretat aniran a c\u00e0rrec de l&#8217;alcaldessa, Agn\u00e8s Ferr\u00e9.<\/p>\n\n\n\n<hr class=\"wp-block-separator has-alpha-channel-opacity\"\/>\n\n\n\n<h3><strong>Se redistribuyen las carteras y nombramientos despu\u00e9s de que la concejala de ERC renunciase a su cargo<\/strong><\/h3>\n\n\n\n<p>Este mes de abril, la alcaldesa Agn\u00e8s Ferr\u00e9 ha firmado dos decretos de alcald\u00eda con varios nombramientos, despu\u00e9s de que la concejala de ERC renunciase a su cargo de concejala y, por lo tanto, a las carteras de Seguridad y Movilidad y, a la vez, al hecho de ser miembro de la Junta de Gobierno con voz y voto.<\/p>\n\n\n\n<p>Los cambios aprobados por la alcaldesa son los siguientes:<\/p>\n\n\n\n<p>-El concejal Daniel Caballero pasa a ser segundo teniente de alcalde.<\/p>\n\n\n\n<p>-La concejala Paqui Cepas pasa a formar parte de la Junta de Gobierno, con voz y voto.<\/p>\n\n\n\n<p>-Se nombra a Paqui Cepas concejala de Movilidad.<\/p>\n\n\n\n<p>-Las competencias de la Concejal\u00eda de Seguridad ir\u00e1n a cargo de la alcaldesa, Agn\u00e8s Ferr\u00e9.<\/p>\n","protected":false},"excerpt":{"rendered":"<p>Aquest mes d&#8217;abril, l&#8217;alcaldessa Agn\u00e8s Ferr\u00e9 ha signat dos decrets d&#8217;alcaldia amb diversos nomenaments, despr\u00e9s que la regidora d&#8217;ERC renunci\u00e9s al seu c\u00e0rrec de regidora i, per tant, a les &hellip; <a href=\"https:\/\/bisbalpenedes.com\/web\/2025\/04\/22\/es-redistribueixen-les-carteres-i-nomenaments-despres-que-la-regidora-derc-renuncies-al-seu-carrec\/\" class=\"more-link\">Read More<\/a><\/p>\n","protected":false},"author":4,"featured_media":33044,"comment_status":"closed","ping_status":"closed","sticky":false,"template":"","format":"standard","meta":[],"categories":[2377,8],"tags":[1091,393],"_links":{"self":[{"href":"https:\/\/bisbalpenedes.com\/web\/wp-json\/wp\/v2\/posts\/33603"}],"collection":[{"href":"https:\/\/bisbalpenedes.com\/web\/wp-json\/wp\/v2\/posts"}],"about":[{"href":"https:\/\/bisbalpenedes.com\/web\/wp-json\/wp\/v2\/types\/post"}],"author":[{"embeddable":true,"href":"https:\/\/bisbalpenedes.com\/web\/wp-json\/wp\/v2\/users\/4"}],"replies":[{"embeddable":true,"href":"https:\/\/bisbalpenedes.com\/web\/wp-json\/wp\/v2\/comments?post=33603"}],"version-history":[{"count":1,"href":"https:\/\/bisbalpenedes.com\/web\/wp-json\/wp\/v2\/posts\/33603\/revisions"}],"predecessor-version":[{"id":33604,"href":"https:\/\/bisbalpenedes.com\/web\/wp-json\/wp\/v2\/posts\/33603\/revisions\/33604"}],"wp:featuredmedia":[{"embeddable":true,"href":"https:\/\/bisbalpenedes.com\/web\/wp-json\/wp\/v2\/media\/33044"}],"wp:attachment":[{"href":"https:\/\/bisbalpenedes.com\/web\/wp-json\/wp\/v2\/media?parent=33603"}],"wp:term":[{"taxonomy":"category","embeddable":true,"href":"https:\/\/bisbalpenedes.com\/web\/wp-json\/wp\/v2\/categories?post=33603"},{"taxonomy":"post_tag","embeddable":true,"href":"https:\/\/bisbalpenedes.com\/web\/wp-json\/wp\/v2\/tags?post=33603"}],"curies":[{"name":"wp","href":"https:\/\/api.w.org\/{rel}","templated":true}]}}