{"id":33598,"date":"2025-04-17T13:09:50","date_gmt":"2025-04-17T11:09:50","guid":{"rendered":"https:\/\/bisbalpenedes.com\/web\/?p=33598"},"modified":"2025-04-17T13:14:52","modified_gmt":"2025-04-17T11:14:52","slug":"saprova-el-contracte-per-a-les-actuacions-de-la-colla-castellera-els-bous-per-aquest-2025","status":"publish","type":"post","link":"https:\/\/bisbalpenedes.com\/web\/2025\/04\/17\/saprova-el-contracte-per-a-les-actuacions-de-la-colla-castellera-els-bous-per-aquest-2025\/","title":{"rendered":"<strong>S\u2019aprova el contracte per a les actuacions de la Colla Castellera Els Bous per aquest 2025<\/strong>"},"content":{"rendered":"\n<p>La Regidoria de Cultura contribueix a la realitzaci\u00f3 de diverses actuacions que formen part de la nova temporada castellera de la Colla Castellera La Bisbal del Pened\u00e8s &#8211; Els Bous, que enguany ha estrenat el seu nou local social a la Fassina.<\/p>\n\n\n\n<p>L\u2019Ajuntament de la Bisbal del Pened\u00e8s ha aprovat, mitjan\u00e7ant el decret d\u2019alcaldia del 3 d\u2019abril, el contracte per a les actuacions de la Colla Castellera La Bisbal del Pened\u00e8s \u2013 Els Bous, per a la temporada 2025. L\u2019import del contracte \u00e9s de 13.000\u20ac i inclou l\u2019organitzaci\u00f3 i participaci\u00f3 en diverses diades castelleres de gran rellev\u00e0ncia per al municipi.<\/p>\n\n\n\n<p>Les actuacions previstes s\u00f3n les seg\u00fcents:<\/p>\n\n\n\n<ul><li>Diada \u201cIn memoriam\u201d \u2013 6 d\u2019abril<\/li><li>Diada del 10\u00e8 aniversari \u2013 1 de juny<\/li><li>Diada d\u2019apadrinament \u2013 14 de juny<\/li><li>Diada dels Bous \u2013 6 de juliol<\/li><li>Cercavila i actuaci\u00f3 per la Festa Major \u2013 15 d\u2019agost<\/li><li>Diada de Catalunya \u2013 6 de setembre<\/li><\/ul>\n\n\n\n<p>La colla afronta aquesta nova temporada amb l\u2019estrena del seu nou local social a la Fassina, un espai que permetr\u00e0 continuar la tasca de foment dels castells i el treball en valors socials. La colla castellera local \u00e9s una entitat amb una forta vocaci\u00f3 de cohesi\u00f3 i integraci\u00f3, amb especial atenci\u00f3 a la formaci\u00f3 de la canalla en un entorn segur i acollidor i que, a m\u00e9s, sempre est\u00e0 oberta a rebre nous socis i col\u00b7laboradors.<\/p>\n\n\n\n<p>Els castells, van ser declarats Patrimoni Immaterial de la Humanitat per la Unesco i, amb l&#8217;aprovaci\u00f3 d&#8217;aquest nou contracte, la Regidoria de Cultura referma el seu comprom\u00eds amb el teixit associatiu i la promoci\u00f3 de la cultura popular i tradicional catalana al municipi.<\/p>\n\n\n\n<p>Foto: Ra\u00fal Gallego (Diada &#8220;In memoriam&#8221; del 6 d&#8217;abril)<\/p>\n\n\n\n<hr class=\"wp-block-separator has-alpha-channel-opacity\"\/>\n\n\n\n<h3><strong>Se aprueba el contrato para las actuaciones de la Colla Castellera Els Bous para este 2025<\/strong><\/h3>\n\n\n\n<p>La Regidoria de Cultura contribuye a la realizaci\u00f3n de diversas actuaciones que forman parte de la nueva temporada castellera de la Colla Castellera La Bisbal del Pened\u00e8s \u2013 Els Bous, que este a\u00f1o ha estrenado su nuevo local social en la Fassina.<\/p>\n\n\n\n<p>El Ajuntament de la Bisbal del Pened\u00e8s ha aprobado, mediante el decreto de alcald\u00eda del 3 de abril, el contrato para las actuaciones de la Colla Castellera La Bisbal del Pened\u00e8s \u2013 Els Bous para la temporada 2025. El importe del contrato es de 13.000\u20ac e incluye la organizaci\u00f3n y participaci\u00f3n en varias diadas castelleras de gran relevancia para el municipio.<\/p>\n\n\n\n<p>Las actuaciones previstas son las siguientes:<\/p>\n\n\n\n<ul><li>Diada \u201cIn memoriam\u201d \u2013 6 de abril<\/li><li>Diada del 10\u00ba aniversario \u2013 1 de junio<\/li><li>Diada de apadrinamiento \u2013 14 de junio<\/li><li>Diada dels Bous \u2013 6 de julio<\/li><li>Pasacalles y actuaci\u00f3n para la Fiesta Mayor \u2013 15 de agosto<\/li><li>Diada de Catalu\u00f1a \u2013 6 de septiembre<\/li><\/ul>\n\n\n\n<p>La colla afronta esta nueva temporada con el estreno de su nuevo local social en la Fassina, un espacio que permitir\u00e1 continuar con la labor de fomento de los <em>castells<\/em> y el trabajo en valores sociales. La colla castellera local es una entidad con una fuerte vocaci\u00f3n de cohesi\u00f3n e integraci\u00f3n, con especial atenci\u00f3n a la formaci\u00f3n de la canalla en un entorno seguro y acogedor, y que, adem\u00e1s, siempre est\u00e1 abierta a recibir nuevos socios y colaboradores.<\/p>\n\n\n\n<p>Los <em>castells<\/em> fueron declarados Patrimonio Inmaterial de la Humanidad por la Unesco y, con la aprobaci\u00f3n de este nuevo contrato, la Regidoria de Cultura reafirma su compromiso con el tejido asociativo y la promoci\u00f3n de la cultura popular y tradicional catalana en el municipio.<\/p>\n","protected":false},"excerpt":{"rendered":"<p>La Regidoria de Cultura contribueix a la realitzaci\u00f3 de diverses actuacions que formen part de la nova temporada castellera de la Colla Castellera La Bisbal del Pened\u00e8s &#8211; Els Bous, &hellip; <a href=\"https:\/\/bisbalpenedes.com\/web\/2025\/04\/17\/saprova-el-contracte-per-a-les-actuacions-de-la-colla-castellera-els-bous-per-aquest-2025\/\" class=\"more-link\">Read More<\/a><\/p>\n","protected":false},"author":4,"featured_media":33602,"comment_status":"closed","ping_status":"closed","sticky":false,"template":"","format":"standard","meta":[],"categories":[13,20,8],"tags":[377,667,974,7051,351,393],"_links":{"self":[{"href":"https:\/\/bisbalpenedes.com\/web\/wp-json\/wp\/v2\/posts\/33598"}],"collection":[{"href":"https:\/\/bisbalpenedes.com\/web\/wp-json\/wp\/v2\/posts"}],"about":[{"href":"https:\/\/bisbalpenedes.com\/web\/wp-json\/wp\/v2\/types\/post"}],"author":[{"embeddable":true,"href":"https:\/\/bisbalpenedes.com\/web\/wp-json\/wp\/v2\/users\/4"}],"replies":[{"embeddable":true,"href":"https:\/\/bisbalpenedes.com\/web\/wp-json\/wp\/v2\/comments?post=33598"}],"version-history":[{"count":1,"href":"https:\/\/bisbalpenedes.com\/web\/wp-json\/wp\/v2\/posts\/33598\/revisions"}],"predecessor-version":[{"id":33600,"href":"https:\/\/bisbalpenedes.com\/web\/wp-json\/wp\/v2\/posts\/33598\/revisions\/33600"}],"wp:featuredmedia":[{"embeddable":true,"href":"https:\/\/bisbalpenedes.com\/web\/wp-json\/wp\/v2\/media\/33602"}],"wp:attachment":[{"href":"https:\/\/bisbalpenedes.com\/web\/wp-json\/wp\/v2\/media?parent=33598"}],"wp:term":[{"taxonomy":"category","embeddable":true,"href":"https:\/\/bisbalpenedes.com\/web\/wp-json\/wp\/v2\/categories?post=33598"},{"taxonomy":"post_tag","embeddable":true,"href":"https:\/\/bisbalpenedes.com\/web\/wp-json\/wp\/v2\/tags?post=33598"}],"curies":[{"name":"wp","href":"https:\/\/api.w.org\/{rel}","templated":true}]}}