{"id":33587,"date":"2025-04-19T09:00:00","date_gmt":"2025-04-19T07:00:00","guid":{"rendered":"https:\/\/bisbalpenedes.com\/web\/?p=33587"},"modified":"2025-04-17T12:30:22","modified_gmt":"2025-04-17T10:30:22","slug":"el-dimecres-23-dabril-no-es-podra-aparcar-a-la-placa-pau-casals","status":"publish","type":"post","link":"https:\/\/bisbalpenedes.com\/web\/2025\/04\/19\/el-dimecres-23-dabril-no-es-podra-aparcar-a-la-placa-pau-casals\/","title":{"rendered":"El dimecres 23 d&#8217;abril no es podr\u00e0 aparcar a la pla\u00e7a Pau Casals"},"content":{"rendered":"\n<p>El dimecres 23 d&#8217;abril no es podr\u00e0 aparcar a la pla\u00e7a Pau Casals.<\/p>\n\n\n\n<hr class=\"wp-block-separator has-alpha-channel-opacity\"\/>\n\n\n\n<p>El mi\u00e9rcoles 23 de abril no se podr\u00e1 aparcar en la plaza Pau Casals.<\/p>\n\n\n\n<p><\/p>\n","protected":false},"excerpt":{"rendered":"<p>El dimecres 23 d&#8217;abril no es podr\u00e0 aparcar a la pla\u00e7a Pau Casals. El mi\u00e9rcoles 23 de abril no se podr\u00e1 aparcar en la plaza Pau Casals.<\/p>\n","protected":false},"author":4,"featured_media":33588,"comment_status":"closed","ping_status":"closed","sticky":false,"template":"","format":"standard","meta":[],"categories":[1628,8],"tags":[5719,393,1374,3749,64],"_links":{"self":[{"href":"https:\/\/bisbalpenedes.com\/web\/wp-json\/wp\/v2\/posts\/33587"}],"collection":[{"href":"https:\/\/bisbalpenedes.com\/web\/wp-json\/wp\/v2\/posts"}],"about":[{"href":"https:\/\/bisbalpenedes.com\/web\/wp-json\/wp\/v2\/types\/post"}],"author":[{"embeddable":true,"href":"https:\/\/bisbalpenedes.com\/web\/wp-json\/wp\/v2\/users\/4"}],"replies":[{"embeddable":true,"href":"https:\/\/bisbalpenedes.com\/web\/wp-json\/wp\/v2\/comments?post=33587"}],"version-history":[{"count":1,"href":"https:\/\/bisbalpenedes.com\/web\/wp-json\/wp\/v2\/posts\/33587\/revisions"}],"predecessor-version":[{"id":33589,"href":"https:\/\/bisbalpenedes.com\/web\/wp-json\/wp\/v2\/posts\/33587\/revisions\/33589"}],"wp:featuredmedia":[{"embeddable":true,"href":"https:\/\/bisbalpenedes.com\/web\/wp-json\/wp\/v2\/media\/33588"}],"wp:attachment":[{"href":"https:\/\/bisbalpenedes.com\/web\/wp-json\/wp\/v2\/media?parent=33587"}],"wp:term":[{"taxonomy":"category","embeddable":true,"href":"https:\/\/bisbalpenedes.com\/web\/wp-json\/wp\/v2\/categories?post=33587"},{"taxonomy":"post_tag","embeddable":true,"href":"https:\/\/bisbalpenedes.com\/web\/wp-json\/wp\/v2\/tags?post=33587"}],"curies":[{"name":"wp","href":"https:\/\/api.w.org\/{rel}","templated":true}]}}