{"id":33571,"date":"2025-04-16T12:36:30","date_gmt":"2025-04-16T10:36:30","guid":{"rendered":"https:\/\/bisbalpenedes.com\/web\/?p=33571"},"modified":"2025-04-16T12:40:11","modified_gmt":"2025-04-16T10:40:11","slug":"lajuntament-de-la-bisbal-ha-estat-present-en-la-3a-edicio-de-la-fira-de-formacio-del-baix-penedes","status":"publish","type":"post","link":"https:\/\/bisbalpenedes.com\/web\/2025\/04\/16\/lajuntament-de-la-bisbal-ha-estat-present-en-la-3a-edicio-de-la-fira-de-formacio-del-baix-penedes\/","title":{"rendered":"<strong>L&#8217;Ajuntament de la Bisbal ha estat present en la 3a edici\u00f3 de la Fira de Formaci\u00f3 del Baix Pened\u00e8s<\/strong><strong><\/strong>"},"content":{"rendered":"\n<p>L\u2019alcaldessa Agn\u00e8s Ferr\u00e9 i el regidor d\u2019Ensenyament de l\u2019Ajuntament de la Bisbal del Pened\u00e8s, Daniel Caballero, van assistir a la inauguraci\u00f3 de la 3a edici\u00f3 de la Fira de Formaci\u00f3 del Baix Pened\u00e8s, celebrada el dimecres 2 d\u2019abril a l\u2019espai Tabaris de Coma-ruga. Aquesta fira tenia com a objectiu promocionar la formaci\u00f3 professional i els estudis postobligatoris a la comarca.<\/p>\n\n\n\n<div class=\"wp-block-media-text alignwide is-stacked-on-mobile is-style-default\"><figure class=\"wp-block-media-text__media\"><img loading=\"lazy\" width=\"768\" height=\"1024\" src=\"https:\/\/bisbalpenedes.com\/web\/wp-content\/uploads\/2025\/04\/IMG-20250403-WA0002-768x1024.jpg\" alt=\"\" class=\"wp-image-33573 size-full\" srcset=\"https:\/\/bisbalpenedes.com\/web\/wp-content\/uploads\/2025\/04\/IMG-20250403-WA0002-768x1024.jpg 768w, https:\/\/bisbalpenedes.com\/web\/wp-content\/uploads\/2025\/04\/IMG-20250403-WA0002-225x300.jpg 225w, https:\/\/bisbalpenedes.com\/web\/wp-content\/uploads\/2025\/04\/IMG-20250403-WA0002-1152x1536.jpg 1152w, https:\/\/bisbalpenedes.com\/web\/wp-content\/uploads\/2025\/04\/IMG-20250403-WA0002-600x800.jpg 600w, https:\/\/bisbalpenedes.com\/web\/wp-content\/uploads\/2025\/04\/IMG-20250403-WA0002.jpg 1536w\" sizes=\"(max-width: 768px) 100vw, 768px\" \/><\/figure><div class=\"wp-block-media-text__content\">\n<p>El Servei d\u2019Ocupaci\u00f3 Municipal (SOM Bisbal) hi va estar present amb un estand informatiu, on la t\u00e8cnica d\u2019ocupaci\u00f3 i joventut, Arantzazu Longares, va oferir informaci\u00f3 sobre els cursos ocupacionals i els serveis d\u2019orientaci\u00f3 laboral que s&#8217;ofereixen al SOM.<\/p>\n<\/div><\/div>\n\n\n\n<p>Val a dir que, durant la jornada, l\u2019alcaldessa i el regidor van mantenir una conversa amb el Sr. Francesc Roca, secretari de Formaci\u00f3 Professional del Departament d\u2019Educaci\u00f3 de la Generalitat de Catalunya, per parlar sobre la implantaci\u00f3 de la formaci\u00f3 professional dual al municipi. Aquesta proposta vol donar resposta a la demanda de perfils formatius com el manteniment industrial i la log\u00edstica, sectors amb alta demanda entre les empreses instal\u00b7lades al territori.<\/p>\n\n\n\n<p>Aquesta fira la va organitzar l\u2019Ajuntament del Vendrell, amb la col\u00b7laboraci\u00f3 de la Cambra de Comer\u00e7 de Tarragona, la Diputaci\u00f3 de Tarragona i la Generalitat de Catalunya.<\/p>\n\n\n\n<hr class=\"wp-block-separator has-alpha-channel-opacity\"\/>\n\n\n\n<h3><strong>El A<\/strong><strong>juntament<\/strong><strong> de la Bisbal ha estado presente en la 3\u00aa edici\u00f3n de la F<\/strong><strong>ira<\/strong><strong> de Formaci\u00f3 del Baix Pened\u00e8s<\/strong><\/h3>\n\n\n\n<p>La alcaldesa Agn\u00e8s Ferr\u00e9 y el concejal de Educaci\u00f3n del Ajuntament de la Bisbal del Pened\u00e8s, Daniel Caballero, asistieron a la inauguraci\u00f3n de la 3\u00aa edici\u00f3n de la Fira de Formaci\u00f3 del Baix Pened\u00e8s, celebrada el mi\u00e9rcoles 2 de abril en el espacio Tabaris de Coma-ruga. Esta feria ten\u00eda como objetivo promocionar la formaci\u00f3n profesional y los estudios postobligatorios en la comarca.<\/p>\n\n\n\n<p>El Servei d\u2019Ocupaci\u00f3 Municipal (SOM Bisbal) estuvo presente con un estand informativo, donde la t\u00e9cnica de ocupaci\u00f3n y juventud, Arantzazu Longares, ofreci\u00f3 informaci\u00f3n sobre los cursos ocupacionales y los servicios de orientaci\u00f3n laboral que se ofrecen desde el SOM.<\/p>\n\n\n\n<p>Cabe destacar que, durante la jornada, la alcaldesa y el concejal mantuvieron una conversaci\u00f3n con el Sr. Francesc Roca, secretario de Formaci\u00f3n Profesional del Departament d\u2019Educaci\u00f3 de la Generalitat de Catalunya, para hablar sobre la implantaci\u00f3n de la formaci\u00f3n profesional dual en el municipio. Esta propuesta quiere dar respuesta a la demanda de perfiles formativos como el mantenimiento industrial y la log\u00edstica, sectores con alta demanda entre las empresas instaladas en el territorio.<\/p>\n\n\n\n<p>Esta feria la organiz\u00f3 el Ajuntament del Vendrell, con la colaboraci\u00f3n de la Cambra de Comer\u00e7 de Tarragona, la Diputaci\u00f3 de Tarragona y la Generalitat de Catalunya.<\/p>\n","protected":false},"excerpt":{"rendered":"<p>L\u2019alcaldessa Agn\u00e8s Ferr\u00e9 i el regidor d\u2019Ensenyament de l\u2019Ajuntament de la Bisbal del Pened\u00e8s, Daniel Caballero, van assistir a la inauguraci\u00f3 de la 3a edici\u00f3 de la Fira de Formaci\u00f3 &hellip; <a href=\"https:\/\/bisbalpenedes.com\/web\/2025\/04\/16\/lajuntament-de-la-bisbal-ha-estat-present-en-la-3a-edicio-de-la-fira-de-formacio-del-baix-penedes\/\" class=\"more-link\">Read More<\/a><\/p>\n","protected":false},"author":4,"featured_media":33572,"comment_status":"closed","ping_status":"closed","sticky":false,"template":"","format":"standard","meta":[],"categories":[3456,8,9],"tags":[5105,6313,271],"_links":{"self":[{"href":"https:\/\/bisbalpenedes.com\/web\/wp-json\/wp\/v2\/posts\/33571"}],"collection":[{"href":"https:\/\/bisbalpenedes.com\/web\/wp-json\/wp\/v2\/posts"}],"about":[{"href":"https:\/\/bisbalpenedes.com\/web\/wp-json\/wp\/v2\/types\/post"}],"author":[{"embeddable":true,"href":"https:\/\/bisbalpenedes.com\/web\/wp-json\/wp\/v2\/users\/4"}],"replies":[{"embeddable":true,"href":"https:\/\/bisbalpenedes.com\/web\/wp-json\/wp\/v2\/comments?post=33571"}],"version-history":[{"count":2,"href":"https:\/\/bisbalpenedes.com\/web\/wp-json\/wp\/v2\/posts\/33571\/revisions"}],"predecessor-version":[{"id":33575,"href":"https:\/\/bisbalpenedes.com\/web\/wp-json\/wp\/v2\/posts\/33571\/revisions\/33575"}],"wp:featuredmedia":[{"embeddable":true,"href":"https:\/\/bisbalpenedes.com\/web\/wp-json\/wp\/v2\/media\/33572"}],"wp:attachment":[{"href":"https:\/\/bisbalpenedes.com\/web\/wp-json\/wp\/v2\/media?parent=33571"}],"wp:term":[{"taxonomy":"category","embeddable":true,"href":"https:\/\/bisbalpenedes.com\/web\/wp-json\/wp\/v2\/categories?post=33571"},{"taxonomy":"post_tag","embeddable":true,"href":"https:\/\/bisbalpenedes.com\/web\/wp-json\/wp\/v2\/tags?post=33571"}],"curies":[{"name":"wp","href":"https:\/\/api.w.org\/{rel}","templated":true}]}}