{"id":33531,"date":"2025-04-14T13:41:39","date_gmt":"2025-04-14T11:41:39","guid":{"rendered":"https:\/\/bisbalpenedes.com\/web\/?p=33531"},"modified":"2025-04-14T14:04:21","modified_gmt":"2025-04-14T12:04:21","slug":"els-gegants-sebastia-i-margarida-de-la-bisbal-inicien-la-celebracio-del-seu-50e-aniversari","status":"publish","type":"post","link":"https:\/\/bisbalpenedes.com\/web\/2025\/04\/14\/els-gegants-sebastia-i-margarida-de-la-bisbal-inicien-la-celebracio-del-seu-50e-aniversari\/","title":{"rendered":"<strong>Els gegants Sebasti\u00e0 i Margarida de la Bisbal inicien la celebraci\u00f3 del seu 50\u00e8 aniversari<\/strong>"},"content":{"rendered":"\n<p>Aquest diumenge 13 d&#8217;abril, el Grup de Geganters i Grallers de la Societat ha presentat els actes organitzats per a aquest 2025 amb motiu del 50\u00e8 aniversari dels Gegants de la Societat, el Sebasti\u00e0 i la Margarida. La presentaci\u00f3 s&#8217;ha fet a la sala gran de la Societat i ha anat a c\u00e0rrec del president dels Geganters i Grallers de la Societat, David Sol\u00e9; el president de la Societat, Josep Ventosa; i l&#8217;alcaldessa de la Bisbal del Pened\u00e8s, Agn\u00e8s Ferr\u00e9. En acabar, els gegants han ballat tres peces i tot el p\u00fablic assistent ha pogut fer un brindis amb cava de Cellers Domenys.<\/p>\n\n\n\n<p>Els actes per celebrar l&#8217;aniversari comen\u00e7aran <strong>la setmana de Sant Jordi<\/strong> amb una exposici\u00f3 de dibuixos de l&#8217;alumnat de l&#8217;escola Ull de Vent que es podr\u00e0 veure al CMC<strong>. El divendres 25 d&#8217;abril, a les 20.30h<\/strong>, l&#8217;auditori del CMC (pla\u00e7a Major, 11-13) acollir\u00e0 la presentaci\u00f3 del llibre &#8220;Els colors dels Gegants de la Bisbal&#8221;, amb textos d&#8217;Esperan\u00e7a Carri\u00f3 i il\u00b7lustracions de l&#8217;alumnat de l&#8217;escola Ull de Vent.<\/p>\n\n\n\n<p>D&#8217;altra banda, l&#8217;empresa Suite of Art, encarregada d&#8217;organitzar el festival d&#8217;art urb\u00e0 de la Bisbal, el &#8220;GraffTech Fest&#8221;, <strong>pintar\u00e0 el remolc dels gegants<\/strong> amb motius relacionats amb l&#8217;entitat.<\/p>\n\n\n\n<p><strong>El dissabte 24 de maig,<\/strong> a la tarda, es far\u00e0 un espectacle de titelles sobre el Patufet i els Gegants al davant de la Societat (carrer Dr. Robert, 1).<\/p>\n\n\n\n<p><strong>El diumenge 8 de juny,<\/strong> el municipi acollir\u00e0 una trobada gegantera.<\/p>\n\n\n\n<p><strong>El dissabte 19 de juliol,<\/strong> hi haur\u00e0 sopar i concert de gralles obert a tothom, especialment als exmembres del grup. Es far\u00e0 al davant de la Societat.<\/p>\n\n\n\n<p><strong>Durant la Festa Major<\/strong> (pels volts del 15 d&#8217;agost), el CMC acollir\u00e0 una exposici\u00f3 dedicada als 50 anys dels Gegants. A m\u00e9s, els Geganters seran els encarregats de fer el preg\u00f3 de la Festa Major.<\/p>\n\n\n\n<p><strong>El primer diumenge d&#8217;octubre,<\/strong> en el marc de la Fira, es col\u00b7locar\u00e0 una placa commemorativa pels 50 anys dels gegants a la fa\u00e7ana de la Societat.<\/p>\n\n\n\n<p>L&#8217;alcaldessa de la Bisbal del Pened\u00e8s, Agn\u00e8s Ferr\u00e9, ha explicat que <em>&#8220;l\u2019equip de govern estem al costat de la cultura i les entitats. Felicitem al Grup de Geganters i Grallers de la Societat i a la Societat per aquesta celebraci\u00f3 dels 50 anys, i els felicitem tamb\u00e9 per ser una entitat activa que porta el nom i la cultura de la Bisbal arreu del pa\u00eds. Per a la celebraci\u00f3 de l&#8217;aniversari els donarem suport log\u00edstic i econ\u00f2mic per aconseguir una gran celebraci\u00f3&#8221;.<\/em><\/p>\n\n\n\n<hr class=\"wp-block-separator has-alpha-channel-opacity\"\/>\n\n\n\n<h3><strong>Los <\/strong><strong>&#8220;gegants&#8221;<\/strong><strong> Sebasti\u00e0 y Margarida de la Bisbal inician la celebraci\u00f3n de su 50\u00ba aniversario<\/strong><\/h3>\n\n\n\n<p>Este domingo 13 de abril, el Grupo de Geganters i Grallers de la Societat ha presentado los actos organizados para este 2025 con motivo del 50\u00ba aniversario de los Gegants de la Societat, Sebasti\u00e0 y Margarida. La presentaci\u00f3n se ha realizado en la sala grande de la Societat y ha ido a cargo del presidente de los Geganters i Grallers de la Societat, David Sol\u00e9; el presidente de la Societat, Josep Ventosa; y la alcaldesa de la Bisbal del Pened\u00e8s, Agn\u00e8s Ferr\u00e9. Al finalizar, los <em>gegants<\/em> han bailado tres piezas y todo el p\u00fablico asistente ha podido hacer un brindis con cava de Cellers Domenys.<\/p>\n\n\n\n<p>Los actos para celebrar el aniversario comenzar\u00e1n <strong>la semana de Sant Jordi<\/strong> con una exposici\u00f3n de dibujos del alumnado de la escuela Ull de Vent que se podr\u00e1 ver en el CMC. <strong>El viernes 25 de abril, a las 20:30h<\/strong>, el auditorio del CMC (plaza Major, 11-13) acoger\u00e1 la presentaci\u00f3n del libro &#8220;Els colors dels Gegants de la Bisbal&#8221;, con textos de Esperan\u00e7a Carri\u00f3 e ilustraciones del alumnado de la escuela Ull de Vent.<\/p>\n\n\n\n<p>Por otra parte, la empresa Suite of Art, encargada de organizar el festival de arte urbano de la Bisbal, el &#8220;GraffTech Fest&#8221;, <strong>pintar\u00e1 el remolque de los gigantes<\/strong> con motivos relacionados con la entidad.<\/p>\n\n\n\n<p><strong>El s\u00e1bado 24 de mayo,<\/strong> por la tarde, se realizar\u00e1 un espect\u00e1culo de t\u00edteres sobre &nbsp;Patufet y los Gigantes frente a la Societat (calle Dr. Robert, 1).<\/p>\n\n\n\n<p><strong>El domingo 8 de junio,<\/strong> el municipio acoger\u00e1 un encuentro de <em>gegants.<\/em><\/p>\n\n\n\n<p><strong>El s\u00e1bado 19 de julio,<\/strong> habr\u00e1 cena y concierto de <em>gralles<\/em> abierto a todos, especialmente a los exmiembros del grupo. Se realizar\u00e1 frente a la Societat.<\/p>\n\n\n\n<p><strong>Durante la Fiesta Mayor<\/strong> (alrededor del 15 de agosto), el CMC acoger\u00e1 una exposici\u00f3n dedicada a los 50 a\u00f1os de los Gegants. Adem\u00e1s, los Geganters ser\u00e1n los encargados de realizar el preg\u00f3n de la Fiesta Mayor.<\/p>\n\n\n\n<p><strong>El primer domingo de octubre,<\/strong> en el marco de la Fira, se colocar\u00e1 una placa conmemorativa por los 50 a\u00f1os de los gigantes en la fachada de la Societat.<\/p>\n\n\n\n<p>La alcaldesa de la Bisbal del Pened\u00e8s, Agn\u00e8s Ferr\u00e9, ha explicado que <em>&#8220;el equipo de gobierno estamos al lado de la cultura y las entidades. Felicitamos al Grupo de <\/em><em>Geganters i Grallers<\/em><em> de la <\/em><em>Societat y a la Societat<\/em><em> por esta celebraci\u00f3n de los 50 a\u00f1os, y les felicitamos tambi\u00e9n por ser una entidad activa que lleva el nombre y la cultura de la Bisbal por todo el pa\u00eds. Para la celebraci\u00f3n del aniversario les daremos apoyo log\u00edstico y econ\u00f3mico para conseguir una gran celebraci\u00f3n&#8221;.<\/em><\/p>\n","protected":false},"excerpt":{"rendered":"<p>Aquest diumenge 13 d&#8217;abril, el Grup de Geganters i Grallers de la Societat ha presentat els actes organitzats per a aquest 2025 amb motiu del 50\u00e8 aniversari dels Gegants de &hellip; <a href=\"https:\/\/bisbalpenedes.com\/web\/2025\/04\/14\/els-gegants-sebastia-i-margarida-de-la-bisbal-inicien-la-celebracio-del-seu-50e-aniversari\/\" class=\"more-link\">Read More<\/a><\/p>\n","protected":false},"author":4,"featured_media":33532,"comment_status":"closed","ping_status":"closed","sticky":false,"template":"","format":"standard","meta":[],"categories":[13,8],"tags":[459,704,1208,393,300,2776],"_links":{"self":[{"href":"https:\/\/bisbalpenedes.com\/web\/wp-json\/wp\/v2\/posts\/33531"}],"collection":[{"href":"https:\/\/bisbalpenedes.com\/web\/wp-json\/wp\/v2\/posts"}],"about":[{"href":"https:\/\/bisbalpenedes.com\/web\/wp-json\/wp\/v2\/types\/post"}],"author":[{"embeddable":true,"href":"https:\/\/bisbalpenedes.com\/web\/wp-json\/wp\/v2\/users\/4"}],"replies":[{"embeddable":true,"href":"https:\/\/bisbalpenedes.com\/web\/wp-json\/wp\/v2\/comments?post=33531"}],"version-history":[{"count":4,"href":"https:\/\/bisbalpenedes.com\/web\/wp-json\/wp\/v2\/posts\/33531\/revisions"}],"predecessor-version":[{"id":33536,"href":"https:\/\/bisbalpenedes.com\/web\/wp-json\/wp\/v2\/posts\/33531\/revisions\/33536"}],"wp:featuredmedia":[{"embeddable":true,"href":"https:\/\/bisbalpenedes.com\/web\/wp-json\/wp\/v2\/media\/33532"}],"wp:attachment":[{"href":"https:\/\/bisbalpenedes.com\/web\/wp-json\/wp\/v2\/media?parent=33531"}],"wp:term":[{"taxonomy":"category","embeddable":true,"href":"https:\/\/bisbalpenedes.com\/web\/wp-json\/wp\/v2\/categories?post=33531"},{"taxonomy":"post_tag","embeddable":true,"href":"https:\/\/bisbalpenedes.com\/web\/wp-json\/wp\/v2\/tags?post=33531"}],"curies":[{"name":"wp","href":"https:\/\/api.w.org\/{rel}","templated":true}]}}