{"id":33450,"date":"2025-04-03T11:24:42","date_gmt":"2025-04-03T09:24:42","guid":{"rendered":"https:\/\/bisbalpenedes.com\/web\/?p=33450"},"modified":"2025-04-28T12:07:27","modified_gmt":"2025-04-28T10:07:27","slug":"formacio-gratuita-de-logistica-integral-carretoners-maig-2025","status":"publish","type":"post","link":"https:\/\/bisbalpenedes.com\/web\/2025\/04\/03\/formacio-gratuita-de-logistica-integral-carretoners-maig-2025\/","title":{"rendered":"\u00daLTIMES PLACES &#8211;> Formaci\u00f3 gratu\u00efta de log\u00edstica integral + carretoners amb normativa UNE per a persones en situaci\u00f3 d&#8217;atur d&#8217;entre 45 i 60 anys"},"content":{"rendered":"\n<p>Formaci\u00f3 gratu\u00efta de log\u00edstica integral + carretoners amb normativa UNE<\/p>\n\n\n\n<p>Del 6 al 30 de maig<br>Horari: De 9 a 14h (presencial)<br>Preu: 100% SUBVENCIONAT<br>Places limitades!<\/p>\n\n\n\n<p><strong>A QUI VA DIRIGIT?<\/strong><br>Persones d&#8217;entre 45 i 60 anys en situaci\u00f3 d&#8217;atur.<\/p>\n\n\n\n<p><strong>QU\u00c8 APRENDR\u00c0S?<\/strong><br>Gestionar un magatzem mitjan\u00e7ant eines de planificaci\u00f3 \u00f2ptimes per a la gesti\u00f3 efica\u00e7 i eficient de la cadena de subministrament.<\/p>\n\n\n\n<p><strong>BENEFICIS<\/strong><br>&#8211; Millora la teva ocupabilitat en un sector amb alta demanda<br>&#8211; Adquireix compet\u00e8ncies pr\u00e0ctiques per al m\u00f3n laboral<br>&#8211; Formaci\u00f3 oficial reconeguda per les empreses.<\/p>\n\n\n\n<p><strong>COM INSCRIURE&#8217;T?<\/strong><br>Fes clic a l&#8217;enlla\u00e7 a continuaci\u00f3: <a href=\"https:\/\/bisbalpenedes.com\/web\/formacio\/?idFormacio=83\">https:\/\/bisbalpenedes.com\/web\/formacio\/?idFormacio=83<\/a><\/p>\n\n\n\n<p>No deixis passar aquesta oportunitat per millorar el teu perfil professional!<\/p>\n\n\n\n<hr class=\"wp-block-separator has-alpha-channel-opacity\"\/>\n\n\n\n<p>Formaci\u00f3n gratuita de log\u00edstica integral + carretilleros con normativa UNE<\/p>\n\n\n\n<p>Del 6 al 30 de mayo<br>Horario: De 9 a 14h (presencial)<br>Precio: 100% SUBVENCIONADO<br>\u00a1Plazas limitadas!<\/p>\n\n\n\n<p><strong>\u00bfA QUI\u00c9N VA DIRIGIDO?<\/strong><br>Personas de entre 45 y 60 a\u00f1os en situaci\u00f3n de desempleo.<\/p>\n\n\n\n<p><strong>\u00bfQU\u00c9 APRENDER\u00c1S?<\/strong><br>Gestionar un almac\u00e9n mediante herramientas de planificaci\u00f3n \u00f3ptimas para la gesti\u00f3n eficaz y eficiente de la cadena de suministro.<\/p>\n\n\n\n<p><strong>BENEFICIOS<\/strong><br>&#8211; Mejora tu empleabilidad en un sector con alta demanda<br>&#8211; Adquiere competencias pr\u00e1cticas para el mundo laboral<br>&#8211; Formaci\u00f3n oficial reconocida por las empresas.<\/p>\n\n\n\n<p><strong>\u00bfC\u00d3MO INSCRIBIRTE?<\/strong><br>Haz clic en el enlace a continuaci\u00f3n: <a href=\"https:\/\/bisbalpenedes.com\/web\/formacio\/?idFormacio=83\">https:\/\/bisbalpenedes.com\/web\/formacio\/?idFormacio=83<\/a><\/p>\n\n\n\n<p>\u00a1No dejes pasar esta oportunidad para mejorar tu perfil profesional!<\/p>\n","protected":false},"excerpt":{"rendered":"<p>Formaci\u00f3 gratu\u00efta de log\u00edstica integral + carretoners amb normativa UNE Del 6 al 30 de maigHorari: De 9 a 14h (presencial)Preu: 100% SUBVENCIONATPlaces limitades! A QUI VA DIRIGIT?Persones d&#8217;entre 45 &hellip; <a href=\"https:\/\/bisbalpenedes.com\/web\/2025\/04\/03\/formacio-gratuita-de-logistica-integral-carretoners-maig-2025\/\" class=\"more-link\">Read More<\/a><\/p>\n","protected":false},"author":4,"featured_media":33451,"comment_status":"closed","ping_status":"closed","sticky":false,"template":"","format":"standard","meta":[],"categories":[6509,8,9],"tags":[262,62,909,644,7041],"_links":{"self":[{"href":"https:\/\/bisbalpenedes.com\/web\/wp-json\/wp\/v2\/posts\/33450"}],"collection":[{"href":"https:\/\/bisbalpenedes.com\/web\/wp-json\/wp\/v2\/posts"}],"about":[{"href":"https:\/\/bisbalpenedes.com\/web\/wp-json\/wp\/v2\/types\/post"}],"author":[{"embeddable":true,"href":"https:\/\/bisbalpenedes.com\/web\/wp-json\/wp\/v2\/users\/4"}],"replies":[{"embeddable":true,"href":"https:\/\/bisbalpenedes.com\/web\/wp-json\/wp\/v2\/comments?post=33450"}],"version-history":[{"count":2,"href":"https:\/\/bisbalpenedes.com\/web\/wp-json\/wp\/v2\/posts\/33450\/revisions"}],"predecessor-version":[{"id":33526,"href":"https:\/\/bisbalpenedes.com\/web\/wp-json\/wp\/v2\/posts\/33450\/revisions\/33526"}],"wp:featuredmedia":[{"embeddable":true,"href":"https:\/\/bisbalpenedes.com\/web\/wp-json\/wp\/v2\/media\/33451"}],"wp:attachment":[{"href":"https:\/\/bisbalpenedes.com\/web\/wp-json\/wp\/v2\/media?parent=33450"}],"wp:term":[{"taxonomy":"category","embeddable":true,"href":"https:\/\/bisbalpenedes.com\/web\/wp-json\/wp\/v2\/categories?post=33450"},{"taxonomy":"post_tag","embeddable":true,"href":"https:\/\/bisbalpenedes.com\/web\/wp-json\/wp\/v2\/tags?post=33450"}],"curies":[{"name":"wp","href":"https:\/\/api.w.org\/{rel}","templated":true}]}}