{"id":33446,"date":"2025-04-03T10:47:36","date_gmt":"2025-04-03T08:47:36","guid":{"rendered":"https:\/\/bisbalpenedes.com\/web\/?p=33446"},"modified":"2025-04-03T10:48:11","modified_gmt":"2025-04-03T08:48:11","slug":"la-missa-del-diumenge-6-dabril-es-fara-a-les-11h-en-el-marc-de-la-diada-in-memoriam-dels-bous","status":"publish","type":"post","link":"https:\/\/bisbalpenedes.com\/web\/2025\/04\/03\/la-missa-del-diumenge-6-dabril-es-fara-a-les-11h-en-el-marc-de-la-diada-in-memoriam-dels-bous\/","title":{"rendered":"La missa del diumenge 6 d&#8217;abril es far\u00e0 a les 11h en el marc de la diada &#8220;In memoriam&#8221; dels Bous"},"content":{"rendered":"\n<p>Us informem que la missa del pr\u00f2xim diumenge 6 d\u2019abril es far\u00e0 a les 11h en el marc de la diada \u201cIn memoriam\u201d de la Colla Castellera La Bisbal del Pened\u00e8s &#8211; Bous<\/p>\n\n\n\n<hr class=\"wp-block-separator has-alpha-channel-opacity\"\/>\n\n\n\n<p>Os informamos de que la misa del pr\u00f3ximo domingo 6 de abril se har\u00e1 a las 11h en el marco de la diada &#8220;In memoriam&#8221; de la Colla Castellera La Bisbal del Pened\u00e8s &#8211; Bous.<\/p>\n","protected":false},"excerpt":{"rendered":"<p>Us informem que la missa del pr\u00f2xim diumenge 6 d\u2019abril es far\u00e0 a les 11h en el marc de la diada \u201cIn memoriam\u201d de la Colla Castellera La Bisbal del &hellip; <a href=\"https:\/\/bisbalpenedes.com\/web\/2025\/04\/03\/la-missa-del-diumenge-6-dabril-es-fara-a-les-11h-en-el-marc-de-la-diada-in-memoriam-dels-bous\/\" class=\"more-link\">Read More<\/a><\/p>\n","protected":false},"author":4,"featured_media":33448,"comment_status":"closed","ping_status":"closed","sticky":false,"template":"","format":"standard","meta":[],"categories":[20,8],"tags":[378,7021,668,5438,393,1738],"_links":{"self":[{"href":"https:\/\/bisbalpenedes.com\/web\/wp-json\/wp\/v2\/posts\/33446"}],"collection":[{"href":"https:\/\/bisbalpenedes.com\/web\/wp-json\/wp\/v2\/posts"}],"about":[{"href":"https:\/\/bisbalpenedes.com\/web\/wp-json\/wp\/v2\/types\/post"}],"author":[{"embeddable":true,"href":"https:\/\/bisbalpenedes.com\/web\/wp-json\/wp\/v2\/users\/4"}],"replies":[{"embeddable":true,"href":"https:\/\/bisbalpenedes.com\/web\/wp-json\/wp\/v2\/comments?post=33446"}],"version-history":[{"count":1,"href":"https:\/\/bisbalpenedes.com\/web\/wp-json\/wp\/v2\/posts\/33446\/revisions"}],"predecessor-version":[{"id":33447,"href":"https:\/\/bisbalpenedes.com\/web\/wp-json\/wp\/v2\/posts\/33446\/revisions\/33447"}],"wp:featuredmedia":[{"embeddable":true,"href":"https:\/\/bisbalpenedes.com\/web\/wp-json\/wp\/v2\/media\/33448"}],"wp:attachment":[{"href":"https:\/\/bisbalpenedes.com\/web\/wp-json\/wp\/v2\/media?parent=33446"}],"wp:term":[{"taxonomy":"category","embeddable":true,"href":"https:\/\/bisbalpenedes.com\/web\/wp-json\/wp\/v2\/categories?post=33446"},{"taxonomy":"post_tag","embeddable":true,"href":"https:\/\/bisbalpenedes.com\/web\/wp-json\/wp\/v2\/tags?post=33446"}],"curies":[{"name":"wp","href":"https:\/\/api.w.org\/{rel}","templated":true}]}}