{"id":33410,"date":"2025-03-31T11:57:44","date_gmt":"2025-03-31T09:57:44","guid":{"rendered":"https:\/\/bisbalpenedes.com\/web\/?p=33410"},"modified":"2025-03-31T17:48:33","modified_gmt":"2025-03-31T15:48:33","slug":"ebike-2025","status":"publish","type":"post","link":"https:\/\/bisbalpenedes.com\/web\/2025\/03\/31\/ebike-2025\/","title":{"rendered":"<strong>Aquest cap de setmana tindr\u00e0 lloc l&#8217;Ebike Mediterr\u00e0nia 2025 amb aturada i dinar a la Bisbal del Pened\u00e8s el dissabte<\/strong>"},"content":{"rendered":"\n<p>El pr\u00f2xim cap de setmana (5 i 6 d&#8217;abril) torna l&#8217;Ebike Mediterr\u00e0nia 2025, un viatge de la Catalunya interior al mar Mediterrani (de l&#8217;Anoia al Pened\u00e8s) en bicicleta el\u00e8ctrica, amb aturada per dinar a la pla\u00e7a Pau Casals de la Bisbal del Pened\u00e8s el dissabte. Els participants podran viure l&#8217;ess\u00e8ncia de cada poble i rac\u00f3, en un viatge que impregnar\u00e0 els participants de les olors i els gustos del territori, ja que es faran diverses parades gastron\u00f2miques.<\/p>\n\n\n\n<p>Enguany, s&#8217;ofereixen dues opcions:<\/p>\n\n\n\n<ul><li><strong>Opci\u00f3 llarga:<\/strong> Igualada-Cunit (amb c\u00e0rrega de bateries a La Bisbal del Pened\u00e8s). B\u00e0sic 90km &#8211; T\u00e8cnic 95 km Cunit-Igualada (amb c\u00e0rrega de bateries a Guardiola de Font-Rub\u00ed) B\u00e0sic 70 km &#8211; T\u00e8cnic 70 km<\/li><li><strong>Opci\u00f3 curta:<\/strong> Sant Quint\u00ed de Mediona &#8211; Cunit Track b\u00e0sic 60 km &#8211; Track t\u00e8cnic 62 km Cunit &#8211; Sant Quint\u00ed de Mediona Track \u00fanic 44 km<\/li><\/ul>\n\n\n\n<p>Dissabte, l&#8217;Ebike sortir\u00e0 d&#8217;Igualada i arribar\u00e0 a Cunit i, entre altres municipis, passar\u00e0 per la Bisbal del Pened\u00e8s el dissabte 5 d&#8217;abril, on els participants dinaran. El dinar, con en edicions anteriors, ser\u00e0 a base de productes de proximitat, elaborats pels restaurants Ull de Llebre (la Bisbal del Pened\u00e8s, El Vell Papiol (Calafell), la Pastisseria Mago (La Bisbal del Pened\u00e8s) i L&#8217;Obrador (El Vendrell), acompanyat pel cava rosat de Cellers Domenys i Oli Torclum.<\/p>\n\n\n\n<p>La presentaci\u00f3 de l&#8217;esdeveniment va tenir lloc el passat 20 de mar\u00e7 i va comptar amb la pres\u00e8ncia de l&#8217;alcaldessa Agn\u00e8s Ferr\u00e9 i la regidora de Turisme, Judith Vidal.<\/p>\n\n\n\n<p>Per a m\u00e9s informaci\u00f3 sobre l&#8217;esdeveniment podeu accedir a <a href=\"http:\/\/www.ebikemediterrania.com\/\">www.ebikemediterrania.com<\/a><\/p>\n\n\n\n<hr class=\"wp-block-separator has-alpha-channel-opacity\"\/>\n\n\n\n<p><strong>Este fin de semana tendr\u00e1 lugar la Ebike Mediterr\u00e0nia 2025 con parada y almuerzo en la Bisbal del Pened\u00e8s el s\u00e1bado<\/strong><\/p>\n\n\n\n<p>El pr\u00f3ximo fin de semana (5 y 6 de abril) vuelve la Ebike Mediterr\u00e0nia 2025, un viaje desde el interior de Catalu\u00f1a hasta el mar Mediterr\u00e1neo (desde la Anoia hasta el Pened\u00e8s) en bicicleta el\u00e9ctrica, con parada para comer en la plaza Pau Casals de la Bisbal del Pened\u00e8s el s\u00e1bado. Los participantes podr\u00e1n vivir la esencia de cada pueblo y rinc\u00f3n, en un viaje que impregnar\u00e1 a los participantes de los olores y sabores del territorio, ya que se realizar\u00e1n varias paradas gastron\u00f3micas.<\/p>\n\n\n\n<p>Este a\u00f1o se ofrecen dos opciones:<\/p>\n\n\n\n<ul><li><strong>Opci\u00f3n larga:<\/strong> Igualada-Cunit (con carga de bater\u00edas en La Bisbal del Pened\u00e8s). B\u00e1sico 90km &#8211; T\u00e9cnico 95 km Cunit-Igualada (con carga de bater\u00edas en Guardiola de Font-Rub\u00ed) B\u00e1sico 70 km &#8211; T\u00e9cnico 70 km.<\/li><li><strong>Opci\u00f3n corta:<\/strong> Sant Quint\u00ed de Mediona &#8211; Cunit Track b\u00e1sico 60 km &#8211; Track t\u00e9cnico 62 km Cunit &#8211; Sant Quint\u00ed de Mediona Track \u00fanico 44 km.<\/li><\/ul>\n\n\n\n<p>El s\u00e1bado, la Ebike saldr\u00e1 de Igualada y llegar\u00e1 a Cunit y, entre otros municipios, pasar\u00e1 por la Bisbal del Pened\u00e8s el s\u00e1bado 5 de abril, donde los participantes comer\u00e1n. El almuerzo, como en ediciones anteriores, ser\u00e1 a base de productos locales, elaborados por los restaurantes Ull de Llebre (la Bisbal del Pened\u00e8s), El Vell Papiol (Calafell), la Pastisseria Mago (La Bisbal del Pened\u00e8s) y L&#8217;Obrador (El Vendrell), acompa\u00f1ado por cava rosado de Cellers Domenys y Torclum Oli. <\/p>\n\n\n\n<p>La presentaci\u00f3n del evento tuvo lugar el pasado 20 de marzo y cont\u00f3 con la presencia de la alcaldesa Agn\u00e8s Ferr\u00e9 y la concejala de Turismo, Judith Vidal.<\/p>\n\n\n\n<p>Para m\u00e1s informaci\u00f3n sobre el evento, pod\u00e9is acceder a&nbsp;<a href=\"http:\/\/www.ebikemediterrania.com\/\">www.ebikemediterrania.com<\/a><\/p>\n","protected":false},"excerpt":{"rendered":"<p>El pr\u00f2xim cap de setmana (5 i 6 d&#8217;abril) torna l&#8217;Ebike Mediterr\u00e0nia 2025, un viatge de la Catalunya interior al mar Mediterrani (de l&#8217;Anoia al Pened\u00e8s) en bicicleta el\u00e8ctrica, amb &hellip; <a href=\"https:\/\/bisbalpenedes.com\/web\/2025\/03\/31\/ebike-2025\/\" class=\"more-link\">Read More<\/a><\/p>\n","protected":false},"author":4,"featured_media":33411,"comment_status":"closed","ping_status":"closed","sticky":false,"template":"","format":"standard","meta":[],"categories":[19,8,4878],"tags":[459,5786,7037,393],"_links":{"self":[{"href":"https:\/\/bisbalpenedes.com\/web\/wp-json\/wp\/v2\/posts\/33410"}],"collection":[{"href":"https:\/\/bisbalpenedes.com\/web\/wp-json\/wp\/v2\/posts"}],"about":[{"href":"https:\/\/bisbalpenedes.com\/web\/wp-json\/wp\/v2\/types\/post"}],"author":[{"embeddable":true,"href":"https:\/\/bisbalpenedes.com\/web\/wp-json\/wp\/v2\/users\/4"}],"replies":[{"embeddable":true,"href":"https:\/\/bisbalpenedes.com\/web\/wp-json\/wp\/v2\/comments?post=33410"}],"version-history":[{"count":2,"href":"https:\/\/bisbalpenedes.com\/web\/wp-json\/wp\/v2\/posts\/33410\/revisions"}],"predecessor-version":[{"id":33417,"href":"https:\/\/bisbalpenedes.com\/web\/wp-json\/wp\/v2\/posts\/33410\/revisions\/33417"}],"wp:featuredmedia":[{"embeddable":true,"href":"https:\/\/bisbalpenedes.com\/web\/wp-json\/wp\/v2\/media\/33411"}],"wp:attachment":[{"href":"https:\/\/bisbalpenedes.com\/web\/wp-json\/wp\/v2\/media?parent=33410"}],"wp:term":[{"taxonomy":"category","embeddable":true,"href":"https:\/\/bisbalpenedes.com\/web\/wp-json\/wp\/v2\/categories?post=33410"},{"taxonomy":"post_tag","embeddable":true,"href":"https:\/\/bisbalpenedes.com\/web\/wp-json\/wp\/v2\/tags?post=33410"}],"curies":[{"name":"wp","href":"https:\/\/api.w.org\/{rel}","templated":true}]}}